{"id":1308,"date":"2017-11-16T18:05:25","date_gmt":"2017-11-16T16:05:25","guid":{"rendered":"http:\/\/www.bioetiikka.fi\/?p=1308"},"modified":"2017-11-16T18:05:25","modified_gmt":"2017-11-16T16:05:25","slug":"palvelutalojen-arkietiikkaa-kartoittamassa","status":"publish","type":"post","link":"https:\/\/www.bioetiikka.fi\/?p=1308","title":{"rendered":"Palvelutalojen arkietiikkaa kartoittamassa"},"content":{"rendered":"<p>Teksti: <strong>JARI PIRHONEN<\/strong><\/p>\n<p>Miksi joskus n\u00e4ytt\u00e4\u00e4 silt\u00e4, ett\u00e4 kun <strong>Martti<\/strong> muuttaa palvelutaloon, Martti samalla katoaa? Minne ja miksi Martti katoaa?<\/p>\n<p>N\u00e4ihin kysymyksiin t\u00f6rm\u00e4sin aiemmin tehdess\u00e4ni tutkimusta hyv\u00e4st\u00e4 el\u00e4m\u00e4st\u00e4 vanhoille ihmisille tarkoitetussa tehostetussa palveluasumisessa.<\/p>\n<p>Kotoa ymp\u00e4rivuorokautiseen hoitoon muuttaminen sattuu vanhan ihmisen el\u00e4m\u00e4ss\u00e4 muutenkin aikaan, jolloin min\u00e4kuva on usein murroksessa kehon ja mielen ik\u00e4\u00e4ntymismuutosten ja toimintakyvyn heikkenemisen kaltaisista syist\u00e4. Kun siihen p\u00e4\u00e4lle viel\u00e4 tulevat palvelutalon rutiinit, hoitok\u00e4yt\u00e4nteet ja roolitukset, saattaa ik\u00e4ns\u00e4 moottoripy\u00f6r\u00e4ily\u00e4 ja vaellusta harrastanut entinen veturimies alkaa muuttua Martista hoidettavaksi, jopa potilaaksi.<\/p>\n<p><!--more--><\/p>\n<p>Oman tutkimukseni perusteella sanoisin, ett\u00e4 Martin mahdollinen katoaminen n\u00e4kyvist\u00e4 persoonana ei ole tahallista vaan ik\u00e4\u00e4n kuin &#8221;tuottamuksellista&#8221; eli ajattelemattomuudesta johtuvaa. Palvelutalon arkeen vaikuttaa samanaikaisesti useampia ryhmi\u00e4 omine intresseineen (hoitajat, asukkaiden l\u00e4heiset, vapaaehtoiset), ja siihen p\u00e4\u00e4lle tulevat viel\u00e4 viranomaisvaatimukset ja palveluja ostavan kunnan ohjeistukset. Yhteisi\u00e4 tavoitteita ole v\u00e4ltt\u00e4m\u00e4tt\u00e4 ollenkaan m\u00e4\u00e4ritelty, jolloin toiminnan keski\u00f6ss\u00e4 oleva asukas saattaa ik\u00e4\u00e4n kuin fragmentoitua n\u00e4ytt\u00e4m\u00e4\u00e4n erilaiselta eri toimijoiden suuntiin. Kokonaiskuva ihmisest\u00e4 ja persoonasta voi silloin olla kadoksissa.<\/p>\n<p>P\u00e4\u00e4timme <strong>Bioetiikan instituutissa<\/strong> kartoittaa konkreettisia keinoja, jotka tukisivat asukkaiden pysymist\u00e4 toiminnan keski\u00f6ss\u00e4 palvelutaloissa. Saimme <a href=\"https:\/\/www.miinasillanpaa.fi\/\" target=\"_blank\" rel=\"noopener\">Miina Sillanp\u00e4\u00e4n s\u00e4\u00e4ti\u00f6lt\u00e4<\/a> pienen apurahan palvelutalojen arjessa esiin nousevien eettisten kysymysten kartoittamiseen. Ajatuksenamme oli selvitell\u00e4, millaisia &#8221;eettisi\u00e4 hankauksia&#8221; arjessa syntyy ja miten niit\u00e4 mahdollisesti voisi k\u00e4sitell\u00e4, jotta palvelutalon tosiasiallinen tarkoitus eli vanhojen ihmisten hyv\u00e4n el\u00e4m\u00e4n edist\u00e4minen parhaiten toteutuisi. Kev\u00e4\u00e4ll\u00e4 asiaa tuumasimme ja pistimme toimeen, ja nyt olemme ainakin hitusen paremmin perill\u00e4 palvelutalojen arkisesta toimintalogiikasta.<\/p>\n<p>T\u00e4m\u00e4n vuoden kest\u00e4v\u00e4 hankkeemme ei ole niink\u00e4\u00e4n ollut tutkimushanke, vaan tarkoituksemme on ollut kehitt\u00e4\u00e4 palvelutalojen toimintaa yhdess\u00e4 asukkaiden, henkil\u00f6st\u00f6n, asukkaiden l\u00e4heisten ja talojen vapaaehtoisten kanssa. Pyysimme mukaan Tampereen seudulta kolme palvelutaloa, joissa olemme kokoontuneet erilaisin kokoonpanoin pohtimaan talojen arkiel\u00e4m\u00e4\u00e4, jokaisessa talossa 4\u20135 kertaa vuoden aikana. Kaksi taloista on j\u00e4rjest\u00f6jen yll\u00e4pit\u00e4mi\u00e4 ja kolmas on yksityisen palveluntuottajan toimintaa. Valitsimme kolme erikokoista ja hieman eri toiminta-ajatuksella toimivaa taloa, jotta meill\u00e4 olisi mahdollisuus kokeilla erilaisia toimintatapoja.<\/p>\n<p>Yksityisen palveluntuottajan talo on asukasm\u00e4\u00e4r\u00e4lt\u00e4\u00e4n pieni, joten siell\u00e4 p\u00e4\u00e4timme kokeilla mallia, jossa kaikki talon eri toimijaryhm\u00e4t kutsuttiin yhteisiin tilaisuuksiin keskustelemaan. Paikalla olikin aina yhteens\u00e4 15\u201320 asukasta, heid\u00e4n l\u00e4heist\u00e4\u00e4n ja henkil\u00f6kuntaan kuuluvaa. Toinen j\u00e4rjest\u00f6jen yll\u00e4pit\u00e4mist\u00e4 taloista on keskikokoinen (67 asukasta) talo, jossa on sek\u00e4 tehostettua palveluasumista ett\u00e4 ryhm\u00e4koti muistisairaille. Siell\u00e4 oli jo aiemmin kokoontunut asukkaiden ja l\u00e4heisten ryhm\u00e4 s\u00e4\u00e4nn\u00f6llisesti talon sosiaality\u00f6ntekij\u00e4n johdolla, joten jatkoimme sill\u00e4 samalla porukalla.<\/p>\n<p>Kolmas talo on suurin, yli sadan asukkaan hyvinvointikeskus, jossa on suuren ryhm\u00e4kodin lis\u00e4ksi tehostetun palveluasumisen asuntoja ja l\u00e4hialueen ik\u00e4ihmisille suunnattu p\u00e4iv\u00e4keskus ja my\u00f6s lyhytaikaista hoitoa sit\u00e4 tarvitseville. T\u00e4\u00e4ll\u00e4 toimimme siten, ett\u00e4 pidimme ensin omia keskusteluryhmi\u00e4\u00e4n asukkaille, heid\u00e4n l\u00e4heisilleen, hoitajille ja vapaaehtoisille. N\u00e4iden pohjalta kokosimme eri ryhmille t\u00e4rkeit\u00e4 asioita, joita sitten k\u00e4sittelimme ryhm\u00e4ss\u00e4, jossa oli edustus kaikista aiemmista ryhmist\u00e4.<\/p>\n<p>Kaikissa taloissa ja kaikilla kokoonpanoilla keskustelut sujuivat hyv\u00e4ss\u00e4 hengess\u00e4, vaikka kriittisi\u00e4kin mielipiteit\u00e4 kuultiin. Selv\u00e4sti keskeisimmiksi arkea haittaaviksi ilmi\u00f6iksi nostettiin tiedonkulun ongelmat ja tietynlainen kohtaamattomuus. Arjen yhteinen koordinaatio tuntui olevan hukassa, ja eri toimijaryhm\u00e4t touhusivat tahoillaan kukin parhaan kykyns\u00e4 mukaan.<\/p>\n<p>Hoitajat, l\u00e4heiset ja vapaaehtoiset olivat asukkaiden kanssa tekemisiss\u00e4 erillisin\u00e4 ryhmin\u00e4, vaikka yhdess\u00e4 tehden olisi saatu eniten aikaan. Omaisilla ei esimerkiksi v\u00e4ltt\u00e4m\u00e4tt\u00e4 ole kuvaa siit\u00e4, mit\u00e4 heid\u00e4n on sallittua tehd\u00e4 palvelutalossa vieraillessaan, jolloin paljon potentiaalia heitet\u00e4\u00e4n hukkaan. Vapaaehtoiset kokivat, ett\u00e4 he olisivat voineet esimerkiksi ulkoilla useampien asukkaiden kanssa, mik\u00e4li henkil\u00f6kunta olisi valmistellut heille ulos l\u00e4htij\u00f6it\u00e4.<\/p>\n<p>Hoitajien jaksamista auttaisi jo pelkk\u00e4 kiitoksen saaminen kollegoilta, esimiehilt\u00e4 ja asukkaiden l\u00e4heisilt\u00e4. Yhteisen tekemisen lis\u00e4\u00e4minen tuntui olevan kaikkien ryhmien toiveena, joten siihen on jatkossa syyt\u00e4 kiinnitt\u00e4\u00e4 erityist\u00e4 huomiota.<\/p>\n<p>Tosin siin\u00e4 pieness\u00e4 yksityisen palveluntuottajan talossa n\u00e4it\u00e4 ongelmia ei ollut eik\u00e4 kyll\u00e4 juuri muitakaan ongelmia, sill\u00e4 palaute niin asukkailta, henkil\u00f6st\u00f6lt\u00e4 kuin l\u00e4heisilt\u00e4kin oli j\u00e4rjest\u00e4\u00e4n positiivista. Meille selvisi, ett\u00e4 talossa oli k\u00e4yty sen perustamisesta l\u00e4htien tiivist\u00e4 arvokeskustelua henkil\u00f6kunnan kesken ja arvot olivat kirkkaat jokaiselle. T\u00e4st\u00e4 talosta saimme paljon arvokasta tietoa k\u00e4yt\u00e4nn\u00f6n kokemuksista kest\u00e4v\u00e4n arkietiikan rakentamiseksi.<\/p>\n<p>Kehityshankkeemme on nyt lopuillaan. Yhdess\u00e4 talossa k\u00e4ymme viel\u00e4 loppukeskustelun ja toisessa ty\u00f6st\u00e4mme parhaillaan er\u00e4\u00e4nlaista yhteisjulistusta siit\u00e4, millaisin toimin paikasta saadaan entist\u00e4 yhteis\u00f6llisempi talo, jossa kaikki yhdess\u00e4 toimivat asukkaiden parhaaksi.<\/p>\n<p>Positiivista v\u00e4rett\u00e4 l\u00f6ytyy jo pinnan alta. Esimerkiksi hoitajissa on valmiutta kyseenalaistaa vallitsevia k\u00e4yt\u00e4nt\u00f6j\u00e4 ja monet omaiset ovat valmiita ottamaan suurempaa roolia perinteisesti instituutioiksi ajatelluissa palvelutaloissa. Toisilleen vastakkaisiksi mielletyt laitoksen ja kodin k\u00e4sitteet ovat kenties murtumassa ja silloin voi synty\u00e4 jotakin uutta, jossa kontekstin sijaan mietit\u00e4\u00e4n kaiken keski\u00f6ss\u00e4 olevaa vanhaa ihmist\u00e4. Silloin Martin mahdollisuus pysy\u00e4 Marttina el\u00e4m\u00e4ns\u00e4 loppuun asti vahvistuu varmasti. My\u00f6s Bioetiikan instituutin kehityshankkeella on t\u00e4ss\u00e4 prosessissa oma roolinsa.<\/p>\n<p>Vuosi on ollut hyvin mielenkiintoinen ja opettavainen. Kokoamme lopuksi laajemman raportin tekemisist\u00e4mme ja saamastamme opista, kunhan olemme tarkemmin analysoineet kaiken tapahtuneen. Ty\u00f6ryhm\u00e4ss\u00e4 ovat lis\u00e4kseni olleet <strong>Salla<\/strong> ja <strong>Heikki Sax\u00e9n<\/strong>, <strong>Marjut Lemivaara<\/strong> ja <strong>Antti Sorri<\/strong>. T\u00e4m\u00e4 blogiteksti olkoon ik\u00e4\u00e4n kuin maistiainen tulevasta, palataan aiheeseen alkuvuonna n\u00e4ill\u00e4 sivuilla!<\/p>\n<p><em><a href=\"http:\/\/www.bioetiikka.fi\/?page_id=82\">Kirjoitaja<\/a> on tutkijatohtori.<\/em><\/p>\n","protected":false},"excerpt":{"rendered":"<p>Teksti: JARI PIRHONEN Miksi joskus n\u00e4ytt\u00e4\u00e4 silt\u00e4, ett\u00e4 kun Martti muuttaa palvelutaloon, Martti samalla katoaa? Minne ja miksi Martti katoaa? N\u00e4ihin kysymyksiin t\u00f6rm\u00e4sin aiemmin tehdess\u00e4ni tutkimusta hyv\u00e4st\u00e4 el\u00e4m\u00e4st\u00e4 vanhoille ihmisille tarkoitetussa tehostetussa palveluasumisessa. Kotoa ymp\u00e4rivuorokautiseen hoitoon muuttaminen sattuu vanhan ihmisen el\u00e4m\u00e4ss\u00e4 muutenkin aikaan, jolloin min\u00e4kuva on usein murroksessa kehon ja mielen ik\u00e4\u00e4ntymismuutosten ja toimintakyvyn heikkenemisen &hellip; <\/p>\n<p class=\"link-more\"><a href=\"https:\/\/www.bioetiikka.fi\/?p=1308\" class=\"more-link\">Jatka lukemista<span class=\"screen-reader-text\"> &#8221;Palvelutalojen arkietiikkaa kartoittamassa&#8221;<\/span><\/a><\/p>\n","protected":false},"author":1,"featured_media":1309,"comment_status":"open","ping_status":"open","sticky":false,"template":"","format":"standard","meta":{"_uag_custom_page_level_css":"","footnotes":""},"categories":[6],"tags":[204,129,203,151,201,152,202,153],"class_list":["post-1308","post","type-post","status-publish","format-standard","has-post-thumbnail","hentry","category-uutiset","tag-arkietiikka","tag-arvokeskustelu","tag-arvot","tag-hyva-elama","tag-palvelutalo","tag-palvelutalot","tag-tehostettu-palveluasuminen","tag-vanhat-ihmiset"],"yoast_head":"<!-- This site is optimized with the Yoast SEO plugin v27.5 - https:\/\/yoast.com\/product\/yoast-seo-wordpress\/ -->\n<title>Palvelutalojen arkietiikkaa kartoittamassa - Bioetiikan instituutti<\/title>\n<meta name=\"robots\" content=\"index, follow, max-snippet:-1, max-image-preview:large, max-video-preview:-1\" \/>\n<link rel=\"canonical\" href=\"https:\/\/www.bioetiikka.fi\/?p=1308\" \/>\n<meta property=\"og:locale\" content=\"fi_FI\" \/>\n<meta property=\"og:type\" content=\"article\" \/>\n<meta property=\"og:title\" content=\"Palvelutalojen arkietiikkaa kartoittamassa - Bioetiikan instituutti\" \/>\n<meta property=\"og:description\" content=\"Teksti: JARI PIRHONEN Miksi joskus n\u00e4ytt\u00e4\u00e4 silt\u00e4, ett\u00e4 kun Martti muuttaa palvelutaloon, Martti samalla katoaa? Minne ja miksi Martti katoaa? N\u00e4ihin kysymyksiin t\u00f6rm\u00e4sin aiemmin tehdess\u00e4ni tutkimusta hyv\u00e4st\u00e4 el\u00e4m\u00e4st\u00e4 vanhoille ihmisille tarkoitetussa tehostetussa palveluasumisessa. Kotoa ymp\u00e4rivuorokautiseen hoitoon muuttaminen sattuu vanhan ihmisen el\u00e4m\u00e4ss\u00e4 muutenkin aikaan, jolloin min\u00e4kuva on usein murroksessa kehon ja mielen ik\u00e4\u00e4ntymismuutosten ja toimintakyvyn heikkenemisen &hellip; Jatka lukemista &quot;Palvelutalojen arkietiikkaa kartoittamassa&quot;\" \/>\n<meta property=\"og:url\" content=\"https:\/\/www.bioetiikka.fi\/?p=1308\" \/>\n<meta property=\"og:site_name\" content=\"Bioetiikan instituutti\" \/>\n<meta property=\"article:published_time\" content=\"2017-11-16T16:05:25+00:00\" \/>\n<meta property=\"og:image\" content=\"https:\/\/www.bioetiikka.fi\/wp-content\/uploads\/2017\/11\/Hoivakotiraati_pieni.jpeg\" \/>\n\t<meta property=\"og:image:width\" content=\"168\" \/>\n\t<meta property=\"og:image:height\" content=\"206\" \/>\n\t<meta property=\"og:image:type\" content=\"image\/jpeg\" \/>\n<meta name=\"author\" content=\"Yll\u00e4pito\" \/>\n<meta name=\"twitter:card\" content=\"summary_large_image\" \/>\n<meta name=\"twitter:label1\" content=\"Kirjoittanut\" \/>\n\t<meta name=\"twitter:data1\" content=\"Yll\u00e4pito\" \/>\n\t<meta name=\"twitter:label2\" content=\"Arvioitu lukuaika\" \/>\n\t<meta name=\"twitter:data2\" content=\"4 minuuttia\" \/>\n<script type=\"application\/ld+json\" class=\"yoast-schema-graph\">{\"@context\":\"https:\\\/\\\/schema.org\",\"@graph\":[{\"@type\":\"Article\",\"@id\":\"https:\\\/\\\/www.bioetiikka.fi\\\/?p=1308#article\",\"isPartOf\":{\"@id\":\"https:\\\/\\\/www.bioetiikka.fi\\\/?p=1308\"},\"author\":{\"name\":\"Yll\u00e4pito\",\"@id\":\"https:\\\/\\\/www.bioetiikka.fi\\\/#\\\/schema\\\/person\\\/3c58d6caf9c88dabb24779f504a47828\"},\"headline\":\"Palvelutalojen arkietiikkaa kartoittamassa\",\"datePublished\":\"2017-11-16T16:05:25+00:00\",\"mainEntityOfPage\":{\"@id\":\"https:\\\/\\\/www.bioetiikka.fi\\\/?p=1308\"},\"wordCount\":885,\"commentCount\":0,\"image\":{\"@id\":\"https:\\\/\\\/www.bioetiikka.fi\\\/?p=1308#primaryimage\"},\"thumbnailUrl\":\"https:\\\/\\\/www.bioetiikka.fi\\\/wp-content\\\/uploads\\\/2017\\\/11\\\/Hoivakotiraati_pieni.jpeg\",\"keywords\":[\"arkietiikka\",\"arvokeskustelu\",\"arvot\",\"hyv\u00e4 el\u00e4m\u00e4\",\"palvelutalo\",\"palvelutalot\",\"tehostettu palveluasuminen\",\"vanhat ihmiset\"],\"articleSection\":[\"Uutiset\"],\"inLanguage\":\"fi\",\"potentialAction\":[{\"@type\":\"CommentAction\",\"name\":\"Comment\",\"target\":[\"https:\\\/\\\/www.bioetiikka.fi\\\/?p=1308#respond\"]}]},{\"@type\":\"WebPage\",\"@id\":\"https:\\\/\\\/www.bioetiikka.fi\\\/?p=1308\",\"url\":\"https:\\\/\\\/www.bioetiikka.fi\\\/?p=1308\",\"name\":\"Palvelutalojen arkietiikkaa kartoittamassa - Bioetiikan instituutti\",\"isPartOf\":{\"@id\":\"https:\\\/\\\/www.bioetiikka.fi\\\/#website\"},\"primaryImageOfPage\":{\"@id\":\"https:\\\/\\\/www.bioetiikka.fi\\\/?p=1308#primaryimage\"},\"image\":{\"@id\":\"https:\\\/\\\/www.bioetiikka.fi\\\/?p=1308#primaryimage\"},\"thumbnailUrl\":\"https:\\\/\\\/www.bioetiikka.fi\\\/wp-content\\\/uploads\\\/2017\\\/11\\\/Hoivakotiraati_pieni.jpeg\",\"datePublished\":\"2017-11-16T16:05:25+00:00\",\"author\":{\"@id\":\"https:\\\/\\\/www.bioetiikka.fi\\\/#\\\/schema\\\/person\\\/3c58d6caf9c88dabb24779f504a47828\"},\"breadcrumb\":{\"@id\":\"https:\\\/\\\/www.bioetiikka.fi\\\/?p=1308#breadcrumb\"},\"inLanguage\":\"fi\",\"potentialAction\":[{\"@type\":\"ReadAction\",\"target\":[\"https:\\\/\\\/www.bioetiikka.fi\\\/?p=1308\"]}]},{\"@type\":\"ImageObject\",\"inLanguage\":\"fi\",\"@id\":\"https:\\\/\\\/www.bioetiikka.fi\\\/?p=1308#primaryimage\",\"url\":\"https:\\\/\\\/www.bioetiikka.fi\\\/wp-content\\\/uploads\\\/2017\\\/11\\\/Hoivakotiraati_pieni.jpeg\",\"contentUrl\":\"https:\\\/\\\/www.bioetiikka.fi\\\/wp-content\\\/uploads\\\/2017\\\/11\\\/Hoivakotiraati_pieni.jpeg\",\"width\":168,\"height\":206},{\"@type\":\"BreadcrumbList\",\"@id\":\"https:\\\/\\\/www.bioetiikka.fi\\\/?p=1308#breadcrumb\",\"itemListElement\":[{\"@type\":\"ListItem\",\"position\":1,\"name\":\"Home\",\"item\":\"https:\\\/\\\/www.bioetiikka.fi\\\/\"},{\"@type\":\"ListItem\",\"position\":2,\"name\":\"Palvelutalojen arkietiikkaa kartoittamassa\"}]},{\"@type\":\"WebSite\",\"@id\":\"https:\\\/\\\/www.bioetiikka.fi\\\/#website\",\"url\":\"https:\\\/\\\/www.bioetiikka.fi\\\/\",\"name\":\"Bioetiikan instituutti\",\"description\":\"Edist&auml;mme bioetiikan tiedonalan tuntemusta ja k&auml;yt&auml;nn&ouml;n vaikutusta Suomessa\",\"potentialAction\":[{\"@type\":\"SearchAction\",\"target\":{\"@type\":\"EntryPoint\",\"urlTemplate\":\"https:\\\/\\\/www.bioetiikka.fi\\\/?s={search_term_string}\"},\"query-input\":{\"@type\":\"PropertyValueSpecification\",\"valueRequired\":true,\"valueName\":\"search_term_string\"}}],\"inLanguage\":\"fi\"},{\"@type\":\"Person\",\"@id\":\"https:\\\/\\\/www.bioetiikka.fi\\\/#\\\/schema\\\/person\\\/3c58d6caf9c88dabb24779f504a47828\",\"name\":\"Yll\u00e4pito\",\"image\":{\"@type\":\"ImageObject\",\"inLanguage\":\"fi\",\"@id\":\"https:\\\/\\\/secure.gravatar.com\\\/avatar\\\/e0fb287ad29702eb42f29dc20086c82bccdefae905eb4b596c67fe9eca4aafb8?s=96&d=mm&r=g\",\"url\":\"https:\\\/\\\/secure.gravatar.com\\\/avatar\\\/e0fb287ad29702eb42f29dc20086c82bccdefae905eb4b596c67fe9eca4aafb8?s=96&d=mm&r=g\",\"contentUrl\":\"https:\\\/\\\/secure.gravatar.com\\\/avatar\\\/e0fb287ad29702eb42f29dc20086c82bccdefae905eb4b596c67fe9eca4aafb8?s=96&d=mm&r=g\",\"caption\":\"Yll\u00e4pito\"},\"url\":\"https:\\\/\\\/www.bioetiikka.fi\\\/?author=1\"}]}<\/script>\n<!-- \/ Yoast SEO plugin. -->","yoast_head_json":{"title":"Palvelutalojen arkietiikkaa kartoittamassa - Bioetiikan instituutti","robots":{"index":"index","follow":"follow","max-snippet":"max-snippet:-1","max-image-preview":"max-image-preview:large","max-video-preview":"max-video-preview:-1"},"canonical":"https:\/\/www.bioetiikka.fi\/?p=1308","og_locale":"fi_FI","og_type":"article","og_title":"Palvelutalojen arkietiikkaa kartoittamassa - Bioetiikan instituutti","og_description":"Teksti: JARI PIRHONEN Miksi joskus n\u00e4ytt\u00e4\u00e4 silt\u00e4, ett\u00e4 kun Martti muuttaa palvelutaloon, Martti samalla katoaa? Minne ja miksi Martti katoaa? N\u00e4ihin kysymyksiin t\u00f6rm\u00e4sin aiemmin tehdess\u00e4ni tutkimusta hyv\u00e4st\u00e4 el\u00e4m\u00e4st\u00e4 vanhoille ihmisille tarkoitetussa tehostetussa palveluasumisessa. Kotoa ymp\u00e4rivuorokautiseen hoitoon muuttaminen sattuu vanhan ihmisen el\u00e4m\u00e4ss\u00e4 muutenkin aikaan, jolloin min\u00e4kuva on usein murroksessa kehon ja mielen ik\u00e4\u00e4ntymismuutosten ja toimintakyvyn heikkenemisen &hellip; Jatka lukemista \"Palvelutalojen arkietiikkaa kartoittamassa\"","og_url":"https:\/\/www.bioetiikka.fi\/?p=1308","og_site_name":"Bioetiikan instituutti","article_published_time":"2017-11-16T16:05:25+00:00","og_image":[{"width":168,"height":206,"url":"https:\/\/www.bioetiikka.fi\/wp-content\/uploads\/2017\/11\/Hoivakotiraati_pieni.jpeg","type":"image\/jpeg"}],"author":"Yll\u00e4pito","twitter_card":"summary_large_image","twitter_misc":{"Kirjoittanut":"Yll\u00e4pito","Arvioitu lukuaika":"4 minuuttia"},"schema":{"@context":"https:\/\/schema.org","@graph":[{"@type":"Article","@id":"https:\/\/www.bioetiikka.fi\/?p=1308#article","isPartOf":{"@id":"https:\/\/www.bioetiikka.fi\/?p=1308"},"author":{"name":"Yll\u00e4pito","@id":"https:\/\/www.bioetiikka.fi\/#\/schema\/person\/3c58d6caf9c88dabb24779f504a47828"},"headline":"Palvelutalojen arkietiikkaa kartoittamassa","datePublished":"2017-11-16T16:05:25+00:00","mainEntityOfPage":{"@id":"https:\/\/www.bioetiikka.fi\/?p=1308"},"wordCount":885,"commentCount":0,"image":{"@id":"https:\/\/www.bioetiikka.fi\/?p=1308#primaryimage"},"thumbnailUrl":"https:\/\/www.bioetiikka.fi\/wp-content\/uploads\/2017\/11\/Hoivakotiraati_pieni.jpeg","keywords":["arkietiikka","arvokeskustelu","arvot","hyv\u00e4 el\u00e4m\u00e4","palvelutalo","palvelutalot","tehostettu palveluasuminen","vanhat ihmiset"],"articleSection":["Uutiset"],"inLanguage":"fi","potentialAction":[{"@type":"CommentAction","name":"Comment","target":["https:\/\/www.bioetiikka.fi\/?p=1308#respond"]}]},{"@type":"WebPage","@id":"https:\/\/www.bioetiikka.fi\/?p=1308","url":"https:\/\/www.bioetiikka.fi\/?p=1308","name":"Palvelutalojen arkietiikkaa kartoittamassa - Bioetiikan instituutti","isPartOf":{"@id":"https:\/\/www.bioetiikka.fi\/#website"},"primaryImageOfPage":{"@id":"https:\/\/www.bioetiikka.fi\/?p=1308#primaryimage"},"image":{"@id":"https:\/\/www.bioetiikka.fi\/?p=1308#primaryimage"},"thumbnailUrl":"https:\/\/www.bioetiikka.fi\/wp-content\/uploads\/2017\/11\/Hoivakotiraati_pieni.jpeg","datePublished":"2017-11-16T16:05:25+00:00","author":{"@id":"https:\/\/www.bioetiikka.fi\/#\/schema\/person\/3c58d6caf9c88dabb24779f504a47828"},"breadcrumb":{"@id":"https:\/\/www.bioetiikka.fi\/?p=1308#breadcrumb"},"inLanguage":"fi","potentialAction":[{"@type":"ReadAction","target":["https:\/\/www.bioetiikka.fi\/?p=1308"]}]},{"@type":"ImageObject","inLanguage":"fi","@id":"https:\/\/www.bioetiikka.fi\/?p=1308#primaryimage","url":"https:\/\/www.bioetiikka.fi\/wp-content\/uploads\/2017\/11\/Hoivakotiraati_pieni.jpeg","contentUrl":"https:\/\/www.bioetiikka.fi\/wp-content\/uploads\/2017\/11\/Hoivakotiraati_pieni.jpeg","width":168,"height":206},{"@type":"BreadcrumbList","@id":"https:\/\/www.bioetiikka.fi\/?p=1308#breadcrumb","itemListElement":[{"@type":"ListItem","position":1,"name":"Home","item":"https:\/\/www.bioetiikka.fi\/"},{"@type":"ListItem","position":2,"name":"Palvelutalojen arkietiikkaa kartoittamassa"}]},{"@type":"WebSite","@id":"https:\/\/www.bioetiikka.fi\/#website","url":"https:\/\/www.bioetiikka.fi\/","name":"Bioetiikan instituutti","description":"Edist&auml;mme bioetiikan tiedonalan tuntemusta ja k&auml;yt&auml;nn&ouml;n vaikutusta Suomessa","potentialAction":[{"@type":"SearchAction","target":{"@type":"EntryPoint","urlTemplate":"https:\/\/www.bioetiikka.fi\/?s={search_term_string}"},"query-input":{"@type":"PropertyValueSpecification","valueRequired":true,"valueName":"search_term_string"}}],"inLanguage":"fi"},{"@type":"Person","@id":"https:\/\/www.bioetiikka.fi\/#\/schema\/person\/3c58d6caf9c88dabb24779f504a47828","name":"Yll\u00e4pito","image":{"@type":"ImageObject","inLanguage":"fi","@id":"https:\/\/secure.gravatar.com\/avatar\/e0fb287ad29702eb42f29dc20086c82bccdefae905eb4b596c67fe9eca4aafb8?s=96&d=mm&r=g","url":"https:\/\/secure.gravatar.com\/avatar\/e0fb287ad29702eb42f29dc20086c82bccdefae905eb4b596c67fe9eca4aafb8?s=96&d=mm&r=g","contentUrl":"https:\/\/secure.gravatar.com\/avatar\/e0fb287ad29702eb42f29dc20086c82bccdefae905eb4b596c67fe9eca4aafb8?s=96&d=mm&r=g","caption":"Yll\u00e4pito"},"url":"https:\/\/www.bioetiikka.fi\/?author=1"}]}},"uagb_featured_image_src":{"full":["https:\/\/www.bioetiikka.fi\/wp-content\/uploads\/2017\/11\/Hoivakotiraati_pieni.jpeg",168,206,false],"thumbnail":["https:\/\/www.bioetiikka.fi\/wp-content\/uploads\/2017\/11\/Hoivakotiraati_pieni-150x150.jpeg",150,150,true],"medium":["https:\/\/www.bioetiikka.fi\/wp-content\/uploads\/2017\/11\/Hoivakotiraati_pieni.jpeg",168,206,false],"medium_large":["https:\/\/www.bioetiikka.fi\/wp-content\/uploads\/2017\/11\/Hoivakotiraati_pieni.jpeg",168,206,false],"large":["https:\/\/www.bioetiikka.fi\/wp-content\/uploads\/2017\/11\/Hoivakotiraati_pieni.jpeg",168,206,false],"1536x1536":["https:\/\/www.bioetiikka.fi\/wp-content\/uploads\/2017\/11\/Hoivakotiraati_pieni.jpeg",168,206,false],"2048x2048":["https:\/\/www.bioetiikka.fi\/wp-content\/uploads\/2017\/11\/Hoivakotiraati_pieni.jpeg",168,206,false],"twentyseventeen-featured-image":["https:\/\/www.bioetiikka.fi\/wp-content\/uploads\/2017\/11\/Hoivakotiraati_pieni.jpeg",168,206,false],"twentyseventeen-thumbnail-avatar":["https:\/\/www.bioetiikka.fi\/wp-content\/uploads\/2017\/11\/Hoivakotiraati_pieni.jpeg",82,100,false]},"uagb_author_info":{"display_name":"Yll\u00e4pito","author_link":"https:\/\/www.bioetiikka.fi\/?author=1"},"uagb_comment_info":0,"uagb_excerpt":"Teksti: JARI PIRHONEN Miksi joskus n\u00e4ytt\u00e4\u00e4 silt\u00e4, ett\u00e4 kun Martti muuttaa palvelutaloon, Martti samalla katoaa? Minne ja miksi Martti katoaa? N\u00e4ihin kysymyksiin t\u00f6rm\u00e4sin aiemmin tehdess\u00e4ni tutkimusta hyv\u00e4st\u00e4 el\u00e4m\u00e4st\u00e4 vanhoille ihmisille tarkoitetussa tehostetussa palveluasumisessa. Kotoa ymp\u00e4rivuorokautiseen hoitoon muuttaminen sattuu vanhan ihmisen el\u00e4m\u00e4ss\u00e4 muutenkin aikaan, jolloin min\u00e4kuva on usein murroksessa kehon ja mielen ik\u00e4\u00e4ntymismuutosten ja toimintakyvyn heikkenemisen&hellip;","_links":{"self":[{"href":"https:\/\/www.bioetiikka.fi\/index.php?rest_route=\/wp\/v2\/posts\/1308","targetHints":{"allow":["GET"]}}],"collection":[{"href":"https:\/\/www.bioetiikka.fi\/index.php?rest_route=\/wp\/v2\/posts"}],"about":[{"href":"https:\/\/www.bioetiikka.fi\/index.php?rest_route=\/wp\/v2\/types\/post"}],"author":[{"embeddable":true,"href":"https:\/\/www.bioetiikka.fi\/index.php?rest_route=\/wp\/v2\/users\/1"}],"replies":[{"embeddable":true,"href":"https:\/\/www.bioetiikka.fi\/index.php?rest_route=%2Fwp%2Fv2%2Fcomments&post=1308"}],"version-history":[{"count":4,"href":"https:\/\/www.bioetiikka.fi\/index.php?rest_route=\/wp\/v2\/posts\/1308\/revisions"}],"predecessor-version":[{"id":1313,"href":"https:\/\/www.bioetiikka.fi\/index.php?rest_route=\/wp\/v2\/posts\/1308\/revisions\/1313"}],"wp:featuredmedia":[{"embeddable":true,"href":"https:\/\/www.bioetiikka.fi\/index.php?rest_route=\/wp\/v2\/media\/1309"}],"wp:attachment":[{"href":"https:\/\/www.bioetiikka.fi\/index.php?rest_route=%2Fwp%2Fv2%2Fmedia&parent=1308"}],"wp:term":[{"taxonomy":"category","embeddable":true,"href":"https:\/\/www.bioetiikka.fi\/index.php?rest_route=%2Fwp%2Fv2%2Fcategories&post=1308"},{"taxonomy":"post_tag","embeddable":true,"href":"https:\/\/www.bioetiikka.fi\/index.php?rest_route=%2Fwp%2Fv2%2Ftags&post=1308"}],"curies":[{"name":"wp","href":"https:\/\/api.w.org\/{rel}","templated":true}]}}