{"id":359,"date":"2015-11-13T14:27:10","date_gmt":"2015-11-13T12:27:10","guid":{"rendered":"http:\/\/www.bioetiikka.fi\/?p=359"},"modified":"2015-11-13T14:35:45","modified_gmt":"2015-11-13T12:35:45","slug":"bioetiikan-symposium-perustutkinto-opiskelijoille-18-3-2016","status":"publish","type":"post","link":"https:\/\/www.bioetiikka.fi\/?p=359","title":{"rendered":"Bioetiikan symposium perustutkinto-opiskelijoille 18.3.2016 Turussa"},"content":{"rendered":"<p>Unesco Chair in Bioethics Suomen yksikk\u00f6 j\u00e4rjest\u00e4\u00e4 yhteisty\u00f6ss\u00e4 Turun yliopiston filosofian oppiaineen kanssa bioetiikan symposiumin perustutkinto-opiskelijoille. Opiskelijoiden opiskelijoille j\u00e4rjest\u00e4m\u00e4 symposium j\u00e4rjestet\u00e4\u00e4n Turun yliopistolla maaliskuussa ensimm\u00e4ist\u00e4 kertaa. Se on erinomainen tilaisuus bioetiikasta kiinnostuneille filosofian ja muiden oppiaineiden opiskelijoille tulla esittelem\u00e4\u00e4n omaa tutkimusta ja saada kokemusta tieteellisen esitelm\u00e4n pit\u00e4misest\u00e4 sek\u00e4 henkil\u00f6kohtaista palautetta.<\/p>\n<p>Esitelmiss\u00e4 voidaan k\u00e4sitell\u00e4 kaikenlaisia bioeettisi\u00e4 kysymyksi\u00e4, muun muassa seuraavia aiheita:<\/p>\n<p>\u2013 l\u00e4\u00e4k\u00e4rinetiikka<br \/>\n\u2013 l\u00e4\u00e4ke-ja biotieteiden tutkimusetiikka<br \/>\n\u2013 geenimuuntelun etiikka<br \/>\n\u2013 kantasolututkimuksen etiikka<br \/>\n\u2013 el\u00e4inetiikka<br \/>\n\u2013 terveydenhuollon priorisointikysymykset<br \/>\n\u2013 uusien bioteknologioiden etiikka<br \/>\n\u2013 eutanasia<br \/>\n\u2013 ihmisen parantelu<br \/>\n\u2013 neuroetiikka<\/p>\n<p>Symposium j\u00e4rjestet\u00e4\u00e4n perjantaina 18.3.2016. Siihen tulee ilmoittautua 31.1.2016 menness\u00e4. Kerro ilmoittautuessasi, mit\u00e4 opiskelet ja miss\u00e4, sek\u00e4 yhteystietosi. Liit\u00e4 ilmoittautumiseen esitelm\u00e4si alustava otsikko sek\u00e4 lyhyt, 100-300 sanan mittainen kuvaus esitelm\u00e4si aiheesta. L\u00e4het\u00e4 ilmoittautumisesi s\u00e4hk\u00f6postitse osoitteeseen <a href=\"mailto:polaris.koi@utu.fi\">polaris.koi@utu.fi<\/a>. Esitelmien pituus on noin 20 minuuttia, mink\u00e4 j\u00e4lkeen on varattu aikaa keskustelulle.<\/p>\n<p>Turun yliopistossa filosofiaa opiskelevat voivat saada osallistumisesta ja esitelm\u00e4n pit\u00e4misest\u00e4 korvaavuuden kurssiin A6 K\u00e4yt\u00e4nn\u00f6llinen etiikka tai 2 op syvent\u00e4viin opintoihin. Muiden yliopistojen ja oppiaineiden opiskelijat voivat neuvotella korvaavuuksista omissa oppiaineissaan. Mik\u00e4li oppiaineessasi on k\u00e4yt\u00f6ss\u00e4 luentopassi, voit saada l\u00e4sn\u00e4olosta luentopassimerkinn\u00e4n.<\/p>\n<p>Lis\u00e4tietoja opiskelijasymposiumista antaa Unesco Chair in Bioethicsin Suomen johtokunnan opiskelijaj\u00e4sen, VTM Polaris Koi, <a href=\"mailto:polaris.koi@utu.fi\">polaris.koi@utu.fi<\/a><\/p>\n<p>Tapahtuma FB:ss\u00e4: <a href=\"https:\/\/www.facebook.com\/events\/1642766542653000\/\" target=\"_blank\" rel=\"noreferrer\">https:\/\/www.facebook.com\/<wbr \/>events\/1642766542653000\/<\/a><\/p>\n","protected":false},"excerpt":{"rendered":"<p>Unesco Chair in Bioethics Suomen yksikk\u00f6 j\u00e4rjest\u00e4\u00e4 yhteisty\u00f6ss\u00e4 Turun yliopiston filosofian oppiaineen kanssa bioetiikan symposiumin perustutkinto-opiskelijoille. Opiskelijoiden opiskelijoille j\u00e4rjest\u00e4m\u00e4 symposium j\u00e4rjestet\u00e4\u00e4n Turun yliopistolla maaliskuussa ensimm\u00e4ist\u00e4 kertaa. Se on erinomainen tilaisuus bioetiikasta kiinnostuneille filosofian ja muiden oppiaineiden opiskelijoille tulla esittelem\u00e4\u00e4n omaa tutkimusta ja saada kokemusta tieteellisen esitelm\u00e4n pit\u00e4misest\u00e4 sek\u00e4 henkil\u00f6kohtaista palautetta. Esitelmiss\u00e4 voidaan k\u00e4sitell\u00e4 kaikenlaisia bioeettisi\u00e4 &hellip; <\/p>\n<p class=\"link-more\"><a href=\"https:\/\/www.bioetiikka.fi\/?p=359\" class=\"more-link\">Jatka lukemista<span class=\"screen-reader-text\"> &#8221;Bioetiikan symposium perustutkinto-opiskelijoille 18.3.2016 Turussa&#8221;<\/span><\/a><\/p>\n","protected":false},"author":1,"featured_media":360,"comment_status":"open","ping_status":"open","sticky":false,"template":"","format":"standard","meta":{"_uag_custom_page_level_css":"","footnotes":""},"categories":[6],"tags":[],"class_list":["post-359","post","type-post","status-publish","format-standard","has-post-thumbnail","hentry","category-uutiset"],"yoast_head":"<!-- This site is optimized with the Yoast SEO plugin v27.5 - https:\/\/yoast.com\/product\/yoast-seo-wordpress\/ -->\n<title>Bioetiikan symposium perustutkinto-opiskelijoille 18.3.2016 Turussa - Bioetiikan instituutti<\/title>\n<meta name=\"robots\" content=\"index, follow, max-snippet:-1, max-image-preview:large, max-video-preview:-1\" \/>\n<link rel=\"canonical\" href=\"https:\/\/www.bioetiikka.fi\/?p=359\" \/>\n<meta property=\"og:locale\" content=\"fi_FI\" \/>\n<meta property=\"og:type\" content=\"article\" \/>\n<meta property=\"og:title\" content=\"Bioetiikan symposium perustutkinto-opiskelijoille 18.3.2016 Turussa - Bioetiikan instituutti\" \/>\n<meta property=\"og:description\" content=\"Unesco Chair in Bioethics Suomen yksikk\u00f6 j\u00e4rjest\u00e4\u00e4 yhteisty\u00f6ss\u00e4 Turun yliopiston filosofian oppiaineen kanssa bioetiikan symposiumin perustutkinto-opiskelijoille. Opiskelijoiden opiskelijoille j\u00e4rjest\u00e4m\u00e4 symposium j\u00e4rjestet\u00e4\u00e4n Turun yliopistolla maaliskuussa ensimm\u00e4ist\u00e4 kertaa. Se on erinomainen tilaisuus bioetiikasta kiinnostuneille filosofian ja muiden oppiaineiden opiskelijoille tulla esittelem\u00e4\u00e4n omaa tutkimusta ja saada kokemusta tieteellisen esitelm\u00e4n pit\u00e4misest\u00e4 sek\u00e4 henkil\u00f6kohtaista palautetta. Esitelmiss\u00e4 voidaan k\u00e4sitell\u00e4 kaikenlaisia bioeettisi\u00e4 &hellip; Jatka lukemista &quot;Bioetiikan symposium perustutkinto-opiskelijoille 18.3.2016 Turussa&quot;\" \/>\n<meta property=\"og:url\" content=\"https:\/\/www.bioetiikka.fi\/?p=359\" \/>\n<meta property=\"og:site_name\" content=\"Bioetiikan instituutti\" \/>\n<meta property=\"article:published_time\" content=\"2015-11-13T12:27:10+00:00\" \/>\n<meta property=\"article:modified_time\" content=\"2015-11-13T12:35:45+00:00\" \/>\n<meta property=\"og:image\" content=\"https:\/\/www.bioetiikka.fi\/wp-content\/uploads\/2015\/11\/Tkuseminaari_pieni.jpeg\" \/>\n\t<meta property=\"og:image:width\" content=\"168\" \/>\n\t<meta property=\"og:image:height\" content=\"206\" \/>\n\t<meta property=\"og:image:type\" content=\"image\/jpeg\" \/>\n<meta name=\"author\" content=\"Yll\u00e4pito\" \/>\n<meta name=\"twitter:card\" content=\"summary_large_image\" \/>\n<meta name=\"twitter:label1\" content=\"Kirjoittanut\" \/>\n\t<meta name=\"twitter:data1\" content=\"Yll\u00e4pito\" \/>\n\t<meta name=\"twitter:label2\" content=\"Arvioitu lukuaika\" \/>\n\t<meta name=\"twitter:data2\" content=\"1 minuutti\" \/>\n<script type=\"application\/ld+json\" class=\"yoast-schema-graph\">{\"@context\":\"https:\\\/\\\/schema.org\",\"@graph\":[{\"@type\":\"Article\",\"@id\":\"https:\\\/\\\/www.bioetiikka.fi\\\/?p=359#article\",\"isPartOf\":{\"@id\":\"https:\\\/\\\/www.bioetiikka.fi\\\/?p=359\"},\"author\":{\"name\":\"Yll\u00e4pito\",\"@id\":\"https:\\\/\\\/www.bioetiikka.fi\\\/#\\\/schema\\\/person\\\/3c58d6caf9c88dabb24779f504a47828\"},\"headline\":\"Bioetiikan symposium perustutkinto-opiskelijoille 18.3.2016 Turussa\",\"datePublished\":\"2015-11-13T12:27:10+00:00\",\"dateModified\":\"2015-11-13T12:35:45+00:00\",\"mainEntityOfPage\":{\"@id\":\"https:\\\/\\\/www.bioetiikka.fi\\\/?p=359\"},\"wordCount\":230,\"commentCount\":0,\"image\":{\"@id\":\"https:\\\/\\\/www.bioetiikka.fi\\\/?p=359#primaryimage\"},\"thumbnailUrl\":\"https:\\\/\\\/www.bioetiikka.fi\\\/wp-content\\\/uploads\\\/2015\\\/11\\\/Tkuseminaari_pieni.jpeg\",\"articleSection\":[\"Uutiset\"],\"inLanguage\":\"fi\",\"potentialAction\":[{\"@type\":\"CommentAction\",\"name\":\"Comment\",\"target\":[\"https:\\\/\\\/www.bioetiikka.fi\\\/?p=359#respond\"]}]},{\"@type\":\"WebPage\",\"@id\":\"https:\\\/\\\/www.bioetiikka.fi\\\/?p=359\",\"url\":\"https:\\\/\\\/www.bioetiikka.fi\\\/?p=359\",\"name\":\"Bioetiikan symposium perustutkinto-opiskelijoille 18.3.2016 Turussa - Bioetiikan instituutti\",\"isPartOf\":{\"@id\":\"https:\\\/\\\/www.bioetiikka.fi\\\/#website\"},\"primaryImageOfPage\":{\"@id\":\"https:\\\/\\\/www.bioetiikka.fi\\\/?p=359#primaryimage\"},\"image\":{\"@id\":\"https:\\\/\\\/www.bioetiikka.fi\\\/?p=359#primaryimage\"},\"thumbnailUrl\":\"https:\\\/\\\/www.bioetiikka.fi\\\/wp-content\\\/uploads\\\/2015\\\/11\\\/Tkuseminaari_pieni.jpeg\",\"datePublished\":\"2015-11-13T12:27:10+00:00\",\"dateModified\":\"2015-11-13T12:35:45+00:00\",\"author\":{\"@id\":\"https:\\\/\\\/www.bioetiikka.fi\\\/#\\\/schema\\\/person\\\/3c58d6caf9c88dabb24779f504a47828\"},\"breadcrumb\":{\"@id\":\"https:\\\/\\\/www.bioetiikka.fi\\\/?p=359#breadcrumb\"},\"inLanguage\":\"fi\",\"potentialAction\":[{\"@type\":\"ReadAction\",\"target\":[\"https:\\\/\\\/www.bioetiikka.fi\\\/?p=359\"]}]},{\"@type\":\"ImageObject\",\"inLanguage\":\"fi\",\"@id\":\"https:\\\/\\\/www.bioetiikka.fi\\\/?p=359#primaryimage\",\"url\":\"https:\\\/\\\/www.bioetiikka.fi\\\/wp-content\\\/uploads\\\/2015\\\/11\\\/Tkuseminaari_pieni.jpeg\",\"contentUrl\":\"https:\\\/\\\/www.bioetiikka.fi\\\/wp-content\\\/uploads\\\/2015\\\/11\\\/Tkuseminaari_pieni.jpeg\",\"width\":168,\"height\":206},{\"@type\":\"BreadcrumbList\",\"@id\":\"https:\\\/\\\/www.bioetiikka.fi\\\/?p=359#breadcrumb\",\"itemListElement\":[{\"@type\":\"ListItem\",\"position\":1,\"name\":\"Home\",\"item\":\"https:\\\/\\\/www.bioetiikka.fi\\\/\"},{\"@type\":\"ListItem\",\"position\":2,\"name\":\"Bioetiikan symposium perustutkinto-opiskelijoille 18.3.2016 Turussa\"}]},{\"@type\":\"WebSite\",\"@id\":\"https:\\\/\\\/www.bioetiikka.fi\\\/#website\",\"url\":\"https:\\\/\\\/www.bioetiikka.fi\\\/\",\"name\":\"Bioetiikan instituutti\",\"description\":\"Edist&auml;mme bioetiikan tiedonalan tuntemusta ja k&auml;yt&auml;nn&ouml;n vaikutusta Suomessa\",\"potentialAction\":[{\"@type\":\"SearchAction\",\"target\":{\"@type\":\"EntryPoint\",\"urlTemplate\":\"https:\\\/\\\/www.bioetiikka.fi\\\/?s={search_term_string}\"},\"query-input\":{\"@type\":\"PropertyValueSpecification\",\"valueRequired\":true,\"valueName\":\"search_term_string\"}}],\"inLanguage\":\"fi\"},{\"@type\":\"Person\",\"@id\":\"https:\\\/\\\/www.bioetiikka.fi\\\/#\\\/schema\\\/person\\\/3c58d6caf9c88dabb24779f504a47828\",\"name\":\"Yll\u00e4pito\",\"image\":{\"@type\":\"ImageObject\",\"inLanguage\":\"fi\",\"@id\":\"https:\\\/\\\/secure.gravatar.com\\\/avatar\\\/e0fb287ad29702eb42f29dc20086c82bccdefae905eb4b596c67fe9eca4aafb8?s=96&d=mm&r=g\",\"url\":\"https:\\\/\\\/secure.gravatar.com\\\/avatar\\\/e0fb287ad29702eb42f29dc20086c82bccdefae905eb4b596c67fe9eca4aafb8?s=96&d=mm&r=g\",\"contentUrl\":\"https:\\\/\\\/secure.gravatar.com\\\/avatar\\\/e0fb287ad29702eb42f29dc20086c82bccdefae905eb4b596c67fe9eca4aafb8?s=96&d=mm&r=g\",\"caption\":\"Yll\u00e4pito\"},\"url\":\"https:\\\/\\\/www.bioetiikka.fi\\\/?author=1\"}]}<\/script>\n<!-- \/ Yoast SEO plugin. -->","yoast_head_json":{"title":"Bioetiikan symposium perustutkinto-opiskelijoille 18.3.2016 Turussa - Bioetiikan instituutti","robots":{"index":"index","follow":"follow","max-snippet":"max-snippet:-1","max-image-preview":"max-image-preview:large","max-video-preview":"max-video-preview:-1"},"canonical":"https:\/\/www.bioetiikka.fi\/?p=359","og_locale":"fi_FI","og_type":"article","og_title":"Bioetiikan symposium perustutkinto-opiskelijoille 18.3.2016 Turussa - Bioetiikan instituutti","og_description":"Unesco Chair in Bioethics Suomen yksikk\u00f6 j\u00e4rjest\u00e4\u00e4 yhteisty\u00f6ss\u00e4 Turun yliopiston filosofian oppiaineen kanssa bioetiikan symposiumin perustutkinto-opiskelijoille. Opiskelijoiden opiskelijoille j\u00e4rjest\u00e4m\u00e4 symposium j\u00e4rjestet\u00e4\u00e4n Turun yliopistolla maaliskuussa ensimm\u00e4ist\u00e4 kertaa. Se on erinomainen tilaisuus bioetiikasta kiinnostuneille filosofian ja muiden oppiaineiden opiskelijoille tulla esittelem\u00e4\u00e4n omaa tutkimusta ja saada kokemusta tieteellisen esitelm\u00e4n pit\u00e4misest\u00e4 sek\u00e4 henkil\u00f6kohtaista palautetta. Esitelmiss\u00e4 voidaan k\u00e4sitell\u00e4 kaikenlaisia bioeettisi\u00e4 &hellip; Jatka lukemista \"Bioetiikan symposium perustutkinto-opiskelijoille 18.3.2016 Turussa\"","og_url":"https:\/\/www.bioetiikka.fi\/?p=359","og_site_name":"Bioetiikan instituutti","article_published_time":"2015-11-13T12:27:10+00:00","article_modified_time":"2015-11-13T12:35:45+00:00","og_image":[{"width":168,"height":206,"url":"https:\/\/www.bioetiikka.fi\/wp-content\/uploads\/2015\/11\/Tkuseminaari_pieni.jpeg","type":"image\/jpeg"}],"author":"Yll\u00e4pito","twitter_card":"summary_large_image","twitter_misc":{"Kirjoittanut":"Yll\u00e4pito","Arvioitu lukuaika":"1 minuutti"},"schema":{"@context":"https:\/\/schema.org","@graph":[{"@type":"Article","@id":"https:\/\/www.bioetiikka.fi\/?p=359#article","isPartOf":{"@id":"https:\/\/www.bioetiikka.fi\/?p=359"},"author":{"name":"Yll\u00e4pito","@id":"https:\/\/www.bioetiikka.fi\/#\/schema\/person\/3c58d6caf9c88dabb24779f504a47828"},"headline":"Bioetiikan symposium perustutkinto-opiskelijoille 18.3.2016 Turussa","datePublished":"2015-11-13T12:27:10+00:00","dateModified":"2015-11-13T12:35:45+00:00","mainEntityOfPage":{"@id":"https:\/\/www.bioetiikka.fi\/?p=359"},"wordCount":230,"commentCount":0,"image":{"@id":"https:\/\/www.bioetiikka.fi\/?p=359#primaryimage"},"thumbnailUrl":"https:\/\/www.bioetiikka.fi\/wp-content\/uploads\/2015\/11\/Tkuseminaari_pieni.jpeg","articleSection":["Uutiset"],"inLanguage":"fi","potentialAction":[{"@type":"CommentAction","name":"Comment","target":["https:\/\/www.bioetiikka.fi\/?p=359#respond"]}]},{"@type":"WebPage","@id":"https:\/\/www.bioetiikka.fi\/?p=359","url":"https:\/\/www.bioetiikka.fi\/?p=359","name":"Bioetiikan symposium perustutkinto-opiskelijoille 18.3.2016 Turussa - Bioetiikan instituutti","isPartOf":{"@id":"https:\/\/www.bioetiikka.fi\/#website"},"primaryImageOfPage":{"@id":"https:\/\/www.bioetiikka.fi\/?p=359#primaryimage"},"image":{"@id":"https:\/\/www.bioetiikka.fi\/?p=359#primaryimage"},"thumbnailUrl":"https:\/\/www.bioetiikka.fi\/wp-content\/uploads\/2015\/11\/Tkuseminaari_pieni.jpeg","datePublished":"2015-11-13T12:27:10+00:00","dateModified":"2015-11-13T12:35:45+00:00","author":{"@id":"https:\/\/www.bioetiikka.fi\/#\/schema\/person\/3c58d6caf9c88dabb24779f504a47828"},"breadcrumb":{"@id":"https:\/\/www.bioetiikka.fi\/?p=359#breadcrumb"},"inLanguage":"fi","potentialAction":[{"@type":"ReadAction","target":["https:\/\/www.bioetiikka.fi\/?p=359"]}]},{"@type":"ImageObject","inLanguage":"fi","@id":"https:\/\/www.bioetiikka.fi\/?p=359#primaryimage","url":"https:\/\/www.bioetiikka.fi\/wp-content\/uploads\/2015\/11\/Tkuseminaari_pieni.jpeg","contentUrl":"https:\/\/www.bioetiikka.fi\/wp-content\/uploads\/2015\/11\/Tkuseminaari_pieni.jpeg","width":168,"height":206},{"@type":"BreadcrumbList","@id":"https:\/\/www.bioetiikka.fi\/?p=359#breadcrumb","itemListElement":[{"@type":"ListItem","position":1,"name":"Home","item":"https:\/\/www.bioetiikka.fi\/"},{"@type":"ListItem","position":2,"name":"Bioetiikan symposium perustutkinto-opiskelijoille 18.3.2016 Turussa"}]},{"@type":"WebSite","@id":"https:\/\/www.bioetiikka.fi\/#website","url":"https:\/\/www.bioetiikka.fi\/","name":"Bioetiikan instituutti","description":"Edist&auml;mme bioetiikan tiedonalan tuntemusta ja k&auml;yt&auml;nn&ouml;n vaikutusta Suomessa","potentialAction":[{"@type":"SearchAction","target":{"@type":"EntryPoint","urlTemplate":"https:\/\/www.bioetiikka.fi\/?s={search_term_string}"},"query-input":{"@type":"PropertyValueSpecification","valueRequired":true,"valueName":"search_term_string"}}],"inLanguage":"fi"},{"@type":"Person","@id":"https:\/\/www.bioetiikka.fi\/#\/schema\/person\/3c58d6caf9c88dabb24779f504a47828","name":"Yll\u00e4pito","image":{"@type":"ImageObject","inLanguage":"fi","@id":"https:\/\/secure.gravatar.com\/avatar\/e0fb287ad29702eb42f29dc20086c82bccdefae905eb4b596c67fe9eca4aafb8?s=96&d=mm&r=g","url":"https:\/\/secure.gravatar.com\/avatar\/e0fb287ad29702eb42f29dc20086c82bccdefae905eb4b596c67fe9eca4aafb8?s=96&d=mm&r=g","contentUrl":"https:\/\/secure.gravatar.com\/avatar\/e0fb287ad29702eb42f29dc20086c82bccdefae905eb4b596c67fe9eca4aafb8?s=96&d=mm&r=g","caption":"Yll\u00e4pito"},"url":"https:\/\/www.bioetiikka.fi\/?author=1"}]}},"uagb_featured_image_src":{"full":["https:\/\/www.bioetiikka.fi\/wp-content\/uploads\/2015\/11\/Tkuseminaari_pieni.jpeg",168,206,false],"thumbnail":["https:\/\/www.bioetiikka.fi\/wp-content\/uploads\/2015\/11\/Tkuseminaari_pieni-150x150.jpeg",150,150,true],"medium":["https:\/\/www.bioetiikka.fi\/wp-content\/uploads\/2015\/11\/Tkuseminaari_pieni.jpeg",168,206,false],"medium_large":["https:\/\/www.bioetiikka.fi\/wp-content\/uploads\/2015\/11\/Tkuseminaari_pieni.jpeg",168,206,false],"large":["https:\/\/www.bioetiikka.fi\/wp-content\/uploads\/2015\/11\/Tkuseminaari_pieni.jpeg",168,206,false],"1536x1536":["https:\/\/www.bioetiikka.fi\/wp-content\/uploads\/2015\/11\/Tkuseminaari_pieni.jpeg",168,206,false],"2048x2048":["https:\/\/www.bioetiikka.fi\/wp-content\/uploads\/2015\/11\/Tkuseminaari_pieni.jpeg",168,206,false],"twentyseventeen-featured-image":["https:\/\/www.bioetiikka.fi\/wp-content\/uploads\/2015\/11\/Tkuseminaari_pieni.jpeg",168,206,false],"twentyseventeen-thumbnail-avatar":["https:\/\/www.bioetiikka.fi\/wp-content\/uploads\/2015\/11\/Tkuseminaari_pieni.jpeg",82,100,false]},"uagb_author_info":{"display_name":"Yll\u00e4pito","author_link":"https:\/\/www.bioetiikka.fi\/?author=1"},"uagb_comment_info":0,"uagb_excerpt":"Unesco Chair in Bioethics Suomen yksikk\u00f6 j\u00e4rjest\u00e4\u00e4 yhteisty\u00f6ss\u00e4 Turun yliopiston filosofian oppiaineen kanssa bioetiikan symposiumin perustutkinto-opiskelijoille. Opiskelijoiden opiskelijoille j\u00e4rjest\u00e4m\u00e4 symposium j\u00e4rjestet\u00e4\u00e4n Turun yliopistolla maaliskuussa ensimm\u00e4ist\u00e4 kertaa. Se on erinomainen tilaisuus bioetiikasta kiinnostuneille filosofian ja muiden oppiaineiden opiskelijoille tulla esittelem\u00e4\u00e4n omaa tutkimusta ja saada kokemusta tieteellisen esitelm\u00e4n pit\u00e4misest\u00e4 sek\u00e4 henkil\u00f6kohtaista palautetta. Esitelmiss\u00e4 voidaan k\u00e4sitell\u00e4 kaikenlaisia bioeettisi\u00e4&hellip;","_links":{"self":[{"href":"https:\/\/www.bioetiikka.fi\/index.php?rest_route=\/wp\/v2\/posts\/359","targetHints":{"allow":["GET"]}}],"collection":[{"href":"https:\/\/www.bioetiikka.fi\/index.php?rest_route=\/wp\/v2\/posts"}],"about":[{"href":"https:\/\/www.bioetiikka.fi\/index.php?rest_route=\/wp\/v2\/types\/post"}],"author":[{"embeddable":true,"href":"https:\/\/www.bioetiikka.fi\/index.php?rest_route=\/wp\/v2\/users\/1"}],"replies":[{"embeddable":true,"href":"https:\/\/www.bioetiikka.fi\/index.php?rest_route=%2Fwp%2Fv2%2Fcomments&post=359"}],"version-history":[{"count":4,"href":"https:\/\/www.bioetiikka.fi\/index.php?rest_route=\/wp\/v2\/posts\/359\/revisions"}],"predecessor-version":[{"id":365,"href":"https:\/\/www.bioetiikka.fi\/index.php?rest_route=\/wp\/v2\/posts\/359\/revisions\/365"}],"wp:featuredmedia":[{"embeddable":true,"href":"https:\/\/www.bioetiikka.fi\/index.php?rest_route=\/wp\/v2\/media\/360"}],"wp:attachment":[{"href":"https:\/\/www.bioetiikka.fi\/index.php?rest_route=%2Fwp%2Fv2%2Fmedia&parent=359"}],"wp:term":[{"taxonomy":"category","embeddable":true,"href":"https:\/\/www.bioetiikka.fi\/index.php?rest_route=%2Fwp%2Fv2%2Fcategories&post=359"},{"taxonomy":"post_tag","embeddable":true,"href":"https:\/\/www.bioetiikka.fi\/index.php?rest_route=%2Fwp%2Fv2%2Ftags&post=359"}],"curies":[{"name":"wp","href":"https:\/\/api.w.org\/{rel}","templated":true}]}}