{"id":419,"date":"2015-11-27T16:07:48","date_gmt":"2015-11-27T14:07:48","guid":{"rendered":"http:\/\/www.bioetiikka.fi\/?p=419"},"modified":"2015-11-27T16:08:24","modified_gmt":"2015-11-27T14:08:24","slug":"sandra-liede-liittyy-instituutin-ydintyoryhmaan","status":"publish","type":"post","link":"https:\/\/www.bioetiikka.fi\/?p=419","title":{"rendered":"Sandra Liede liittyy instituutin ydinty\u00f6ryhm\u00e4\u00e4n"},"content":{"rendered":"<p>Loistavia instituutti-uutisia marraskuun pimeneviin iltoihin. Taannoin podcast-sarjamme <a href=\"http:\/\/www.bioetiikka.fi\/?p=369\">haastateltavanakin<\/a> ollut bio-oikeuden ja -etiikan rautainen osaaja <strong>Sandra Liede<\/strong> liittyy mukaan instituutin ydinty\u00f6ryhm\u00e4\u00e4n. Tarkempi esittely Sandrasta l\u00f6ytyy <a href=\"http:\/\/www.bioetiikka.fi\/?page_id=82\">ihmiset<\/a>-osiosta.<\/p>\n<p>L\u00e4mpim\u00e4sti tervetuloa mukaan joukkoon Sandra!<\/p>\n","protected":false},"excerpt":{"rendered":"<p>Loistavia instituutti-uutisia marraskuun pimeneviin iltoihin. Taannoin podcast-sarjamme haastateltavanakin ollut bio-oikeuden ja -etiikan rautainen osaaja Sandra Liede liittyy mukaan instituutin ydinty\u00f6ryhm\u00e4\u00e4n. Tarkempi esittely Sandrasta l\u00f6ytyy ihmiset-osiosta. L\u00e4mpim\u00e4sti tervetuloa mukaan joukkoon Sandra!<\/p>\n","protected":false},"author":1,"featured_media":0,"comment_status":"open","ping_status":"open","sticky":false,"template":"","format":"standard","meta":{"_uag_custom_page_level_css":"","footnotes":""},"categories":[6],"tags":[],"class_list":["post-419","post","type-post","status-publish","format-standard","hentry","category-uutiset"],"yoast_head":"<!-- This site is optimized with the Yoast SEO plugin v27.5 - https:\/\/yoast.com\/product\/yoast-seo-wordpress\/ -->\n<title>Sandra Liede liittyy instituutin ydinty\u00f6ryhm\u00e4\u00e4n - Bioetiikan instituutti<\/title>\n<meta name=\"robots\" content=\"index, follow, max-snippet:-1, max-image-preview:large, max-video-preview:-1\" \/>\n<link rel=\"canonical\" href=\"https:\/\/www.bioetiikka.fi\/?p=419\" \/>\n<meta property=\"og:locale\" content=\"fi_FI\" \/>\n<meta property=\"og:type\" content=\"article\" \/>\n<meta property=\"og:title\" content=\"Sandra Liede liittyy instituutin ydinty\u00f6ryhm\u00e4\u00e4n - Bioetiikan instituutti\" \/>\n<meta property=\"og:description\" content=\"Loistavia instituutti-uutisia marraskuun pimeneviin iltoihin. Taannoin podcast-sarjamme haastateltavanakin ollut bio-oikeuden ja -etiikan rautainen osaaja Sandra Liede liittyy mukaan instituutin ydinty\u00f6ryhm\u00e4\u00e4n. Tarkempi esittely Sandrasta l\u00f6ytyy ihmiset-osiosta. L\u00e4mpim\u00e4sti tervetuloa mukaan joukkoon Sandra!\" \/>\n<meta property=\"og:url\" content=\"https:\/\/www.bioetiikka.fi\/?p=419\" \/>\n<meta property=\"og:site_name\" content=\"Bioetiikan instituutti\" \/>\n<meta property=\"article:published_time\" content=\"2015-11-27T14:07:48+00:00\" \/>\n<meta property=\"article:modified_time\" content=\"2015-11-27T14:08:24+00:00\" \/>\n<meta name=\"author\" content=\"Yll\u00e4pito\" \/>\n<meta name=\"twitter:card\" content=\"summary_large_image\" \/>\n<meta name=\"twitter:label1\" content=\"Kirjoittanut\" \/>\n\t<meta name=\"twitter:data1\" content=\"Yll\u00e4pito\" \/>\n<script type=\"application\/ld+json\" class=\"yoast-schema-graph\">{\"@context\":\"https:\\\/\\\/schema.org\",\"@graph\":[{\"@type\":\"Article\",\"@id\":\"https:\\\/\\\/www.bioetiikka.fi\\\/?p=419#article\",\"isPartOf\":{\"@id\":\"https:\\\/\\\/www.bioetiikka.fi\\\/?p=419\"},\"author\":{\"name\":\"Yll\u00e4pito\",\"@id\":\"https:\\\/\\\/www.bioetiikka.fi\\\/#\\\/schema\\\/person\\\/3c58d6caf9c88dabb24779f504a47828\"},\"headline\":\"Sandra Liede liittyy instituutin ydinty\u00f6ryhm\u00e4\u00e4n\",\"datePublished\":\"2015-11-27T14:07:48+00:00\",\"dateModified\":\"2015-11-27T14:08:24+00:00\",\"mainEntityOfPage\":{\"@id\":\"https:\\\/\\\/www.bioetiikka.fi\\\/?p=419\"},\"wordCount\":42,\"commentCount\":0,\"articleSection\":[\"Uutiset\"],\"inLanguage\":\"fi\",\"potentialAction\":[{\"@type\":\"CommentAction\",\"name\":\"Comment\",\"target\":[\"https:\\\/\\\/www.bioetiikka.fi\\\/?p=419#respond\"]}]},{\"@type\":\"WebPage\",\"@id\":\"https:\\\/\\\/www.bioetiikka.fi\\\/?p=419\",\"url\":\"https:\\\/\\\/www.bioetiikka.fi\\\/?p=419\",\"name\":\"Sandra Liede liittyy instituutin ydinty\u00f6ryhm\u00e4\u00e4n - Bioetiikan instituutti\",\"isPartOf\":{\"@id\":\"https:\\\/\\\/www.bioetiikka.fi\\\/#website\"},\"datePublished\":\"2015-11-27T14:07:48+00:00\",\"dateModified\":\"2015-11-27T14:08:24+00:00\",\"author\":{\"@id\":\"https:\\\/\\\/www.bioetiikka.fi\\\/#\\\/schema\\\/person\\\/3c58d6caf9c88dabb24779f504a47828\"},\"breadcrumb\":{\"@id\":\"https:\\\/\\\/www.bioetiikka.fi\\\/?p=419#breadcrumb\"},\"inLanguage\":\"fi\",\"potentialAction\":[{\"@type\":\"ReadAction\",\"target\":[\"https:\\\/\\\/www.bioetiikka.fi\\\/?p=419\"]}]},{\"@type\":\"BreadcrumbList\",\"@id\":\"https:\\\/\\\/www.bioetiikka.fi\\\/?p=419#breadcrumb\",\"itemListElement\":[{\"@type\":\"ListItem\",\"position\":1,\"name\":\"Home\",\"item\":\"https:\\\/\\\/www.bioetiikka.fi\\\/\"},{\"@type\":\"ListItem\",\"position\":2,\"name\":\"Sandra Liede liittyy instituutin ydinty\u00f6ryhm\u00e4\u00e4n\"}]},{\"@type\":\"WebSite\",\"@id\":\"https:\\\/\\\/www.bioetiikka.fi\\\/#website\",\"url\":\"https:\\\/\\\/www.bioetiikka.fi\\\/\",\"name\":\"Bioetiikan instituutti\",\"description\":\"Edist&auml;mme bioetiikan tiedonalan tuntemusta ja k&auml;yt&auml;nn&ouml;n vaikutusta Suomessa\",\"potentialAction\":[{\"@type\":\"SearchAction\",\"target\":{\"@type\":\"EntryPoint\",\"urlTemplate\":\"https:\\\/\\\/www.bioetiikka.fi\\\/?s={search_term_string}\"},\"query-input\":{\"@type\":\"PropertyValueSpecification\",\"valueRequired\":true,\"valueName\":\"search_term_string\"}}],\"inLanguage\":\"fi\"},{\"@type\":\"Person\",\"@id\":\"https:\\\/\\\/www.bioetiikka.fi\\\/#\\\/schema\\\/person\\\/3c58d6caf9c88dabb24779f504a47828\",\"name\":\"Yll\u00e4pito\",\"image\":{\"@type\":\"ImageObject\",\"inLanguage\":\"fi\",\"@id\":\"https:\\\/\\\/secure.gravatar.com\\\/avatar\\\/e0fb287ad29702eb42f29dc20086c82bccdefae905eb4b596c67fe9eca4aafb8?s=96&d=mm&r=g\",\"url\":\"https:\\\/\\\/secure.gravatar.com\\\/avatar\\\/e0fb287ad29702eb42f29dc20086c82bccdefae905eb4b596c67fe9eca4aafb8?s=96&d=mm&r=g\",\"contentUrl\":\"https:\\\/\\\/secure.gravatar.com\\\/avatar\\\/e0fb287ad29702eb42f29dc20086c82bccdefae905eb4b596c67fe9eca4aafb8?s=96&d=mm&r=g\",\"caption\":\"Yll\u00e4pito\"},\"url\":\"https:\\\/\\\/www.bioetiikka.fi\\\/?author=1\"}]}<\/script>\n<!-- \/ Yoast SEO plugin. -->","yoast_head_json":{"title":"Sandra Liede liittyy instituutin ydinty\u00f6ryhm\u00e4\u00e4n - Bioetiikan instituutti","robots":{"index":"index","follow":"follow","max-snippet":"max-snippet:-1","max-image-preview":"max-image-preview:large","max-video-preview":"max-video-preview:-1"},"canonical":"https:\/\/www.bioetiikka.fi\/?p=419","og_locale":"fi_FI","og_type":"article","og_title":"Sandra Liede liittyy instituutin ydinty\u00f6ryhm\u00e4\u00e4n - Bioetiikan instituutti","og_description":"Loistavia instituutti-uutisia marraskuun pimeneviin iltoihin. Taannoin podcast-sarjamme haastateltavanakin ollut bio-oikeuden ja -etiikan rautainen osaaja Sandra Liede liittyy mukaan instituutin ydinty\u00f6ryhm\u00e4\u00e4n. Tarkempi esittely Sandrasta l\u00f6ytyy ihmiset-osiosta. L\u00e4mpim\u00e4sti tervetuloa mukaan joukkoon Sandra!","og_url":"https:\/\/www.bioetiikka.fi\/?p=419","og_site_name":"Bioetiikan instituutti","article_published_time":"2015-11-27T14:07:48+00:00","article_modified_time":"2015-11-27T14:08:24+00:00","author":"Yll\u00e4pito","twitter_card":"summary_large_image","twitter_misc":{"Kirjoittanut":"Yll\u00e4pito"},"schema":{"@context":"https:\/\/schema.org","@graph":[{"@type":"Article","@id":"https:\/\/www.bioetiikka.fi\/?p=419#article","isPartOf":{"@id":"https:\/\/www.bioetiikka.fi\/?p=419"},"author":{"name":"Yll\u00e4pito","@id":"https:\/\/www.bioetiikka.fi\/#\/schema\/person\/3c58d6caf9c88dabb24779f504a47828"},"headline":"Sandra Liede liittyy instituutin ydinty\u00f6ryhm\u00e4\u00e4n","datePublished":"2015-11-27T14:07:48+00:00","dateModified":"2015-11-27T14:08:24+00:00","mainEntityOfPage":{"@id":"https:\/\/www.bioetiikka.fi\/?p=419"},"wordCount":42,"commentCount":0,"articleSection":["Uutiset"],"inLanguage":"fi","potentialAction":[{"@type":"CommentAction","name":"Comment","target":["https:\/\/www.bioetiikka.fi\/?p=419#respond"]}]},{"@type":"WebPage","@id":"https:\/\/www.bioetiikka.fi\/?p=419","url":"https:\/\/www.bioetiikka.fi\/?p=419","name":"Sandra Liede liittyy instituutin ydinty\u00f6ryhm\u00e4\u00e4n - Bioetiikan instituutti","isPartOf":{"@id":"https:\/\/www.bioetiikka.fi\/#website"},"datePublished":"2015-11-27T14:07:48+00:00","dateModified":"2015-11-27T14:08:24+00:00","author":{"@id":"https:\/\/www.bioetiikka.fi\/#\/schema\/person\/3c58d6caf9c88dabb24779f504a47828"},"breadcrumb":{"@id":"https:\/\/www.bioetiikka.fi\/?p=419#breadcrumb"},"inLanguage":"fi","potentialAction":[{"@type":"ReadAction","target":["https:\/\/www.bioetiikka.fi\/?p=419"]}]},{"@type":"BreadcrumbList","@id":"https:\/\/www.bioetiikka.fi\/?p=419#breadcrumb","itemListElement":[{"@type":"ListItem","position":1,"name":"Home","item":"https:\/\/www.bioetiikka.fi\/"},{"@type":"ListItem","position":2,"name":"Sandra Liede liittyy instituutin ydinty\u00f6ryhm\u00e4\u00e4n"}]},{"@type":"WebSite","@id":"https:\/\/www.bioetiikka.fi\/#website","url":"https:\/\/www.bioetiikka.fi\/","name":"Bioetiikan instituutti","description":"Edist&auml;mme bioetiikan tiedonalan tuntemusta ja k&auml;yt&auml;nn&ouml;n vaikutusta Suomessa","potentialAction":[{"@type":"SearchAction","target":{"@type":"EntryPoint","urlTemplate":"https:\/\/www.bioetiikka.fi\/?s={search_term_string}"},"query-input":{"@type":"PropertyValueSpecification","valueRequired":true,"valueName":"search_term_string"}}],"inLanguage":"fi"},{"@type":"Person","@id":"https:\/\/www.bioetiikka.fi\/#\/schema\/person\/3c58d6caf9c88dabb24779f504a47828","name":"Yll\u00e4pito","image":{"@type":"ImageObject","inLanguage":"fi","@id":"https:\/\/secure.gravatar.com\/avatar\/e0fb287ad29702eb42f29dc20086c82bccdefae905eb4b596c67fe9eca4aafb8?s=96&d=mm&r=g","url":"https:\/\/secure.gravatar.com\/avatar\/e0fb287ad29702eb42f29dc20086c82bccdefae905eb4b596c67fe9eca4aafb8?s=96&d=mm&r=g","contentUrl":"https:\/\/secure.gravatar.com\/avatar\/e0fb287ad29702eb42f29dc20086c82bccdefae905eb4b596c67fe9eca4aafb8?s=96&d=mm&r=g","caption":"Yll\u00e4pito"},"url":"https:\/\/www.bioetiikka.fi\/?author=1"}]}},"uagb_featured_image_src":{"full":false,"thumbnail":false,"medium":false,"medium_large":false,"large":false,"1536x1536":false,"2048x2048":false,"twentyseventeen-featured-image":false,"twentyseventeen-thumbnail-avatar":false},"uagb_author_info":{"display_name":"Yll\u00e4pito","author_link":"https:\/\/www.bioetiikka.fi\/?author=1"},"uagb_comment_info":0,"uagb_excerpt":"Loistavia instituutti-uutisia marraskuun pimeneviin iltoihin. Taannoin podcast-sarjamme haastateltavanakin ollut bio-oikeuden ja -etiikan rautainen osaaja Sandra Liede liittyy mukaan instituutin ydinty\u00f6ryhm\u00e4\u00e4n. Tarkempi esittely Sandrasta l\u00f6ytyy ihmiset-osiosta. L\u00e4mpim\u00e4sti tervetuloa mukaan joukkoon Sandra!","_links":{"self":[{"href":"https:\/\/www.bioetiikka.fi\/index.php?rest_route=\/wp\/v2\/posts\/419","targetHints":{"allow":["GET"]}}],"collection":[{"href":"https:\/\/www.bioetiikka.fi\/index.php?rest_route=\/wp\/v2\/posts"}],"about":[{"href":"https:\/\/www.bioetiikka.fi\/index.php?rest_route=\/wp\/v2\/types\/post"}],"author":[{"embeddable":true,"href":"https:\/\/www.bioetiikka.fi\/index.php?rest_route=\/wp\/v2\/users\/1"}],"replies":[{"embeddable":true,"href":"https:\/\/www.bioetiikka.fi\/index.php?rest_route=%2Fwp%2Fv2%2Fcomments&post=419"}],"version-history":[{"count":2,"href":"https:\/\/www.bioetiikka.fi\/index.php?rest_route=\/wp\/v2\/posts\/419\/revisions"}],"predecessor-version":[{"id":421,"href":"https:\/\/www.bioetiikka.fi\/index.php?rest_route=\/wp\/v2\/posts\/419\/revisions\/421"}],"wp:attachment":[{"href":"https:\/\/www.bioetiikka.fi\/index.php?rest_route=%2Fwp%2Fv2%2Fmedia&parent=419"}],"wp:term":[{"taxonomy":"category","embeddable":true,"href":"https:\/\/www.bioetiikka.fi\/index.php?rest_route=%2Fwp%2Fv2%2Fcategories&post=419"},{"taxonomy":"post_tag","embeddable":true,"href":"https:\/\/www.bioetiikka.fi\/index.php?rest_route=%2Fwp%2Fv2%2Ftags&post=419"}],"curies":[{"name":"wp","href":"https:\/\/api.w.org\/{rel}","templated":true}]}}