{"id":431,"date":"2015-12-20T16:36:26","date_gmt":"2015-12-20T14:36:26","guid":{"rendered":"http:\/\/www.bioetiikka.fi\/?p=431"},"modified":"2015-12-22T15:36:11","modified_gmt":"2015-12-22T13:36:11","slug":"tunnustuksia-kuulumisia","status":"publish","type":"post","link":"https:\/\/www.bioetiikka.fi\/?p=431","title":{"rendered":"Tunnustusta Bioetiikan instituutille &#038; kuulumisia"},"content":{"rendered":"<p>Joulun ja vuodenvaihteen l\u00e4hestyess\u00e4 on ilo katsoa kulunutta syyskautta taaksep\u00e4in ja huomata, ett\u00e4 Bioetiikan instituutin olemassaolo ja instituutin tekij\u00f6iden ty\u00f6 huomioidaan yh\u00e4 laajemmin suomalaisessa yhteiskunnassa. Pari taannoista uutista t\u00e4lt\u00e4 saralta:<\/p>\n<p>Bioetiikan instituutin hallituksen puheenjohtaja Heikki Sax\u00e9n valittiin <a href=\"http:\/\/www.mediuutiset.fi\/uutisarkisto\/kaikki-terveysalan-100-vaikuttajaa-6237797\" target=\"_blank\">Mediuutisten vuoden 2015 sadan terveysalan vaikuttajan listalle<\/a> \u2013 perusteluna Bioetiikan instituutin perustaminen. Instituutissa otamme t\u00e4m\u00e4n tunnustuksena koko ydinty\u00f6ryhm\u00e4n panokselle. Kiitos l\u00e4mpim\u00e4sti Mediuutisille.<\/p>\n<p>Lis\u00e4ksi<a href=\"http:\/\/jff.fi\/?lang=fi\" target=\"_blank\"> Suomen Lainopillinen Yhdistys<\/a> valitsi vuoden 2015 kirjallisuuspalkintonsa saajiksi Bioetiikan instituutin varapuheenjohtaja Juli Mansn\u00e9ruksen yhdess\u00e4 kollegansa OTM Tom Janssonin kanssa. Joka toinen vuosi jaettavan kirjallisuuspalkinnon saanut artikkeli k\u00e4sitteli kantasolututkimuksen patentointia (<em>Patentering av stamcellsuppfinningar efter Br\u00fcstle mot Greenpeace<\/em>) ja se julkaistiin vuoden alussa Suomen Lainopillisen Yhdistyksen aikakausikirjan numerossa JFT 1\/2015.<\/p>\n<p>Puolestaan <a href=\"http:\/\/www.fulbright.fi\/\" target=\"_blank\">Suomen Fulbright Centerin<\/a> tuoreessa <a href=\"http:\/\/issuu.com\/fulbright-center-finland\/docs\/fc-news-215\" target=\"_blank\">uutiskirjeess\u00e4<\/a> julkaistiin lyhyt artikkeli instituutin perustamisesta (sivu 9). On eritt\u00e4in hienoa, ett\u00e4 sana instituutin olemassaolosta kiirii uusille tahoille.<\/p>\n<p>Lopuksi viel\u00e4 l\u00e4mpim\u00e4t onnittelut taannoisessa podcastissamme haastateltavana olleelle Seppo Parkkilalle <a href=\"http:\/\/www.uta.fi\/ajankohtaista\/yliopistouutiset\/ilmoitus.html?id=112522\" target=\"_blank\">valinnasta<\/a> Tampereen yliopiston vararehtoriksi!<\/p>\n","protected":false},"excerpt":{"rendered":"<p>Joulun ja vuodenvaihteen l\u00e4hestyess\u00e4 on ilo katsoa kulunutta syyskautta taaksep\u00e4in ja huomata, ett\u00e4 Bioetiikan instituutin olemassaolo ja instituutin tekij\u00f6iden ty\u00f6 huomioidaan yh\u00e4 laajemmin suomalaisessa yhteiskunnassa. Pari taannoista uutista t\u00e4lt\u00e4 saralta: Bioetiikan instituutin hallituksen puheenjohtaja Heikki Sax\u00e9n valittiin Mediuutisten vuoden 2015 sadan terveysalan vaikuttajan listalle \u2013 perusteluna Bioetiikan instituutin perustaminen. Instituutissa otamme t\u00e4m\u00e4n tunnustuksena koko ydinty\u00f6ryhm\u00e4n &hellip; <\/p>\n<p class=\"link-more\"><a href=\"https:\/\/www.bioetiikka.fi\/?p=431\" class=\"more-link\">Jatka lukemista<span class=\"screen-reader-text\"> &#8221;Tunnustusta Bioetiikan instituutille &#038; kuulumisia&#8221;<\/span><\/a><\/p>\n","protected":false},"author":1,"featured_media":433,"comment_status":"open","ping_status":"open","sticky":false,"template":"","format":"standard","meta":{"_uag_custom_page_level_css":"","footnotes":""},"categories":[6],"tags":[],"class_list":["post-431","post","type-post","status-publish","format-standard","has-post-thumbnail","hentry","category-uutiset"],"yoast_head":"<!-- This site is optimized with the Yoast SEO plugin v27.5 - https:\/\/yoast.com\/product\/yoast-seo-wordpress\/ -->\n<title>Tunnustusta Bioetiikan instituutille &amp; kuulumisia - Bioetiikan instituutti<\/title>\n<meta name=\"robots\" content=\"index, follow, max-snippet:-1, max-image-preview:large, max-video-preview:-1\" \/>\n<link rel=\"canonical\" href=\"https:\/\/www.bioetiikka.fi\/?p=431\" \/>\n<meta property=\"og:locale\" content=\"fi_FI\" \/>\n<meta property=\"og:type\" content=\"article\" \/>\n<meta property=\"og:title\" content=\"Tunnustusta Bioetiikan instituutille &amp; kuulumisia - Bioetiikan instituutti\" \/>\n<meta property=\"og:description\" content=\"Joulun ja vuodenvaihteen l\u00e4hestyess\u00e4 on ilo katsoa kulunutta syyskautta taaksep\u00e4in ja huomata, ett\u00e4 Bioetiikan instituutin olemassaolo ja instituutin tekij\u00f6iden ty\u00f6 huomioidaan yh\u00e4 laajemmin suomalaisessa yhteiskunnassa. Pari taannoista uutista t\u00e4lt\u00e4 saralta: Bioetiikan instituutin hallituksen puheenjohtaja Heikki Sax\u00e9n valittiin Mediuutisten vuoden 2015 sadan terveysalan vaikuttajan listalle \u2013 perusteluna Bioetiikan instituutin perustaminen. Instituutissa otamme t\u00e4m\u00e4n tunnustuksena koko ydinty\u00f6ryhm\u00e4n &hellip; Jatka lukemista &quot;Tunnustusta Bioetiikan instituutille &#038; kuulumisia&quot;\" \/>\n<meta property=\"og:url\" content=\"https:\/\/www.bioetiikka.fi\/?p=431\" \/>\n<meta property=\"og:site_name\" content=\"Bioetiikan instituutti\" \/>\n<meta property=\"article:published_time\" content=\"2015-12-20T14:36:26+00:00\" \/>\n<meta property=\"article:modified_time\" content=\"2015-12-22T13:36:11+00:00\" \/>\n<meta property=\"og:image\" content=\"https:\/\/www.bioetiikka.fi\/wp-content\/uploads\/2015\/12\/Puut_pieni.jpeg\" \/>\n\t<meta property=\"og:image:width\" content=\"168\" \/>\n\t<meta property=\"og:image:height\" content=\"206\" \/>\n\t<meta property=\"og:image:type\" content=\"image\/jpeg\" \/>\n<meta name=\"author\" content=\"Yll\u00e4pito\" \/>\n<meta name=\"twitter:card\" content=\"summary_large_image\" \/>\n<meta name=\"twitter:label1\" content=\"Kirjoittanut\" \/>\n\t<meta name=\"twitter:data1\" content=\"Yll\u00e4pito\" \/>\n\t<meta name=\"twitter:label2\" content=\"Arvioitu lukuaika\" \/>\n\t<meta name=\"twitter:data2\" content=\"1 minuutti\" \/>\n<script type=\"application\/ld+json\" class=\"yoast-schema-graph\">{\"@context\":\"https:\\\/\\\/schema.org\",\"@graph\":[{\"@type\":\"Article\",\"@id\":\"https:\\\/\\\/www.bioetiikka.fi\\\/?p=431#article\",\"isPartOf\":{\"@id\":\"https:\\\/\\\/www.bioetiikka.fi\\\/?p=431\"},\"author\":{\"name\":\"Yll\u00e4pito\",\"@id\":\"https:\\\/\\\/www.bioetiikka.fi\\\/#\\\/schema\\\/person\\\/3c58d6caf9c88dabb24779f504a47828\"},\"headline\":\"Tunnustusta Bioetiikan instituutille &#038; kuulumisia\",\"datePublished\":\"2015-12-20T14:36:26+00:00\",\"dateModified\":\"2015-12-22T13:36:11+00:00\",\"mainEntityOfPage\":{\"@id\":\"https:\\\/\\\/www.bioetiikka.fi\\\/?p=431\"},\"wordCount\":162,\"commentCount\":0,\"image\":{\"@id\":\"https:\\\/\\\/www.bioetiikka.fi\\\/?p=431#primaryimage\"},\"thumbnailUrl\":\"https:\\\/\\\/www.bioetiikka.fi\\\/wp-content\\\/uploads\\\/2015\\\/12\\\/Puut_pieni.jpeg\",\"articleSection\":[\"Uutiset\"],\"inLanguage\":\"fi\",\"potentialAction\":[{\"@type\":\"CommentAction\",\"name\":\"Comment\",\"target\":[\"https:\\\/\\\/www.bioetiikka.fi\\\/?p=431#respond\"]}]},{\"@type\":\"WebPage\",\"@id\":\"https:\\\/\\\/www.bioetiikka.fi\\\/?p=431\",\"url\":\"https:\\\/\\\/www.bioetiikka.fi\\\/?p=431\",\"name\":\"Tunnustusta Bioetiikan instituutille & kuulumisia - Bioetiikan instituutti\",\"isPartOf\":{\"@id\":\"https:\\\/\\\/www.bioetiikka.fi\\\/#website\"},\"primaryImageOfPage\":{\"@id\":\"https:\\\/\\\/www.bioetiikka.fi\\\/?p=431#primaryimage\"},\"image\":{\"@id\":\"https:\\\/\\\/www.bioetiikka.fi\\\/?p=431#primaryimage\"},\"thumbnailUrl\":\"https:\\\/\\\/www.bioetiikka.fi\\\/wp-content\\\/uploads\\\/2015\\\/12\\\/Puut_pieni.jpeg\",\"datePublished\":\"2015-12-20T14:36:26+00:00\",\"dateModified\":\"2015-12-22T13:36:11+00:00\",\"author\":{\"@id\":\"https:\\\/\\\/www.bioetiikka.fi\\\/#\\\/schema\\\/person\\\/3c58d6caf9c88dabb24779f504a47828\"},\"breadcrumb\":{\"@id\":\"https:\\\/\\\/www.bioetiikka.fi\\\/?p=431#breadcrumb\"},\"inLanguage\":\"fi\",\"potentialAction\":[{\"@type\":\"ReadAction\",\"target\":[\"https:\\\/\\\/www.bioetiikka.fi\\\/?p=431\"]}]},{\"@type\":\"ImageObject\",\"inLanguage\":\"fi\",\"@id\":\"https:\\\/\\\/www.bioetiikka.fi\\\/?p=431#primaryimage\",\"url\":\"https:\\\/\\\/www.bioetiikka.fi\\\/wp-content\\\/uploads\\\/2015\\\/12\\\/Puut_pieni.jpeg\",\"contentUrl\":\"https:\\\/\\\/www.bioetiikka.fi\\\/wp-content\\\/uploads\\\/2015\\\/12\\\/Puut_pieni.jpeg\",\"width\":168,\"height\":206},{\"@type\":\"BreadcrumbList\",\"@id\":\"https:\\\/\\\/www.bioetiikka.fi\\\/?p=431#breadcrumb\",\"itemListElement\":[{\"@type\":\"ListItem\",\"position\":1,\"name\":\"Home\",\"item\":\"https:\\\/\\\/www.bioetiikka.fi\\\/\"},{\"@type\":\"ListItem\",\"position\":2,\"name\":\"Tunnustusta Bioetiikan instituutille &#038; kuulumisia\"}]},{\"@type\":\"WebSite\",\"@id\":\"https:\\\/\\\/www.bioetiikka.fi\\\/#website\",\"url\":\"https:\\\/\\\/www.bioetiikka.fi\\\/\",\"name\":\"Bioetiikan instituutti\",\"description\":\"Edist&auml;mme bioetiikan tiedonalan tuntemusta ja k&auml;yt&auml;nn&ouml;n vaikutusta Suomessa\",\"potentialAction\":[{\"@type\":\"SearchAction\",\"target\":{\"@type\":\"EntryPoint\",\"urlTemplate\":\"https:\\\/\\\/www.bioetiikka.fi\\\/?s={search_term_string}\"},\"query-input\":{\"@type\":\"PropertyValueSpecification\",\"valueRequired\":true,\"valueName\":\"search_term_string\"}}],\"inLanguage\":\"fi\"},{\"@type\":\"Person\",\"@id\":\"https:\\\/\\\/www.bioetiikka.fi\\\/#\\\/schema\\\/person\\\/3c58d6caf9c88dabb24779f504a47828\",\"name\":\"Yll\u00e4pito\",\"image\":{\"@type\":\"ImageObject\",\"inLanguage\":\"fi\",\"@id\":\"https:\\\/\\\/secure.gravatar.com\\\/avatar\\\/e0fb287ad29702eb42f29dc20086c82bccdefae905eb4b596c67fe9eca4aafb8?s=96&d=mm&r=g\",\"url\":\"https:\\\/\\\/secure.gravatar.com\\\/avatar\\\/e0fb287ad29702eb42f29dc20086c82bccdefae905eb4b596c67fe9eca4aafb8?s=96&d=mm&r=g\",\"contentUrl\":\"https:\\\/\\\/secure.gravatar.com\\\/avatar\\\/e0fb287ad29702eb42f29dc20086c82bccdefae905eb4b596c67fe9eca4aafb8?s=96&d=mm&r=g\",\"caption\":\"Yll\u00e4pito\"},\"url\":\"https:\\\/\\\/www.bioetiikka.fi\\\/?author=1\"}]}<\/script>\n<!-- \/ Yoast SEO plugin. -->","yoast_head_json":{"title":"Tunnustusta Bioetiikan instituutille & kuulumisia - Bioetiikan instituutti","robots":{"index":"index","follow":"follow","max-snippet":"max-snippet:-1","max-image-preview":"max-image-preview:large","max-video-preview":"max-video-preview:-1"},"canonical":"https:\/\/www.bioetiikka.fi\/?p=431","og_locale":"fi_FI","og_type":"article","og_title":"Tunnustusta Bioetiikan instituutille & kuulumisia - Bioetiikan instituutti","og_description":"Joulun ja vuodenvaihteen l\u00e4hestyess\u00e4 on ilo katsoa kulunutta syyskautta taaksep\u00e4in ja huomata, ett\u00e4 Bioetiikan instituutin olemassaolo ja instituutin tekij\u00f6iden ty\u00f6 huomioidaan yh\u00e4 laajemmin suomalaisessa yhteiskunnassa. Pari taannoista uutista t\u00e4lt\u00e4 saralta: Bioetiikan instituutin hallituksen puheenjohtaja Heikki Sax\u00e9n valittiin Mediuutisten vuoden 2015 sadan terveysalan vaikuttajan listalle \u2013 perusteluna Bioetiikan instituutin perustaminen. Instituutissa otamme t\u00e4m\u00e4n tunnustuksena koko ydinty\u00f6ryhm\u00e4n &hellip; Jatka lukemista \"Tunnustusta Bioetiikan instituutille &#038; kuulumisia\"","og_url":"https:\/\/www.bioetiikka.fi\/?p=431","og_site_name":"Bioetiikan instituutti","article_published_time":"2015-12-20T14:36:26+00:00","article_modified_time":"2015-12-22T13:36:11+00:00","og_image":[{"width":168,"height":206,"url":"https:\/\/www.bioetiikka.fi\/wp-content\/uploads\/2015\/12\/Puut_pieni.jpeg","type":"image\/jpeg"}],"author":"Yll\u00e4pito","twitter_card":"summary_large_image","twitter_misc":{"Kirjoittanut":"Yll\u00e4pito","Arvioitu lukuaika":"1 minuutti"},"schema":{"@context":"https:\/\/schema.org","@graph":[{"@type":"Article","@id":"https:\/\/www.bioetiikka.fi\/?p=431#article","isPartOf":{"@id":"https:\/\/www.bioetiikka.fi\/?p=431"},"author":{"name":"Yll\u00e4pito","@id":"https:\/\/www.bioetiikka.fi\/#\/schema\/person\/3c58d6caf9c88dabb24779f504a47828"},"headline":"Tunnustusta Bioetiikan instituutille &#038; kuulumisia","datePublished":"2015-12-20T14:36:26+00:00","dateModified":"2015-12-22T13:36:11+00:00","mainEntityOfPage":{"@id":"https:\/\/www.bioetiikka.fi\/?p=431"},"wordCount":162,"commentCount":0,"image":{"@id":"https:\/\/www.bioetiikka.fi\/?p=431#primaryimage"},"thumbnailUrl":"https:\/\/www.bioetiikka.fi\/wp-content\/uploads\/2015\/12\/Puut_pieni.jpeg","articleSection":["Uutiset"],"inLanguage":"fi","potentialAction":[{"@type":"CommentAction","name":"Comment","target":["https:\/\/www.bioetiikka.fi\/?p=431#respond"]}]},{"@type":"WebPage","@id":"https:\/\/www.bioetiikka.fi\/?p=431","url":"https:\/\/www.bioetiikka.fi\/?p=431","name":"Tunnustusta Bioetiikan instituutille & kuulumisia - Bioetiikan instituutti","isPartOf":{"@id":"https:\/\/www.bioetiikka.fi\/#website"},"primaryImageOfPage":{"@id":"https:\/\/www.bioetiikka.fi\/?p=431#primaryimage"},"image":{"@id":"https:\/\/www.bioetiikka.fi\/?p=431#primaryimage"},"thumbnailUrl":"https:\/\/www.bioetiikka.fi\/wp-content\/uploads\/2015\/12\/Puut_pieni.jpeg","datePublished":"2015-12-20T14:36:26+00:00","dateModified":"2015-12-22T13:36:11+00:00","author":{"@id":"https:\/\/www.bioetiikka.fi\/#\/schema\/person\/3c58d6caf9c88dabb24779f504a47828"},"breadcrumb":{"@id":"https:\/\/www.bioetiikka.fi\/?p=431#breadcrumb"},"inLanguage":"fi","potentialAction":[{"@type":"ReadAction","target":["https:\/\/www.bioetiikka.fi\/?p=431"]}]},{"@type":"ImageObject","inLanguage":"fi","@id":"https:\/\/www.bioetiikka.fi\/?p=431#primaryimage","url":"https:\/\/www.bioetiikka.fi\/wp-content\/uploads\/2015\/12\/Puut_pieni.jpeg","contentUrl":"https:\/\/www.bioetiikka.fi\/wp-content\/uploads\/2015\/12\/Puut_pieni.jpeg","width":168,"height":206},{"@type":"BreadcrumbList","@id":"https:\/\/www.bioetiikka.fi\/?p=431#breadcrumb","itemListElement":[{"@type":"ListItem","position":1,"name":"Home","item":"https:\/\/www.bioetiikka.fi\/"},{"@type":"ListItem","position":2,"name":"Tunnustusta Bioetiikan instituutille &#038; kuulumisia"}]},{"@type":"WebSite","@id":"https:\/\/www.bioetiikka.fi\/#website","url":"https:\/\/www.bioetiikka.fi\/","name":"Bioetiikan instituutti","description":"Edist&auml;mme bioetiikan tiedonalan tuntemusta ja k&auml;yt&auml;nn&ouml;n vaikutusta Suomessa","potentialAction":[{"@type":"SearchAction","target":{"@type":"EntryPoint","urlTemplate":"https:\/\/www.bioetiikka.fi\/?s={search_term_string}"},"query-input":{"@type":"PropertyValueSpecification","valueRequired":true,"valueName":"search_term_string"}}],"inLanguage":"fi"},{"@type":"Person","@id":"https:\/\/www.bioetiikka.fi\/#\/schema\/person\/3c58d6caf9c88dabb24779f504a47828","name":"Yll\u00e4pito","image":{"@type":"ImageObject","inLanguage":"fi","@id":"https:\/\/secure.gravatar.com\/avatar\/e0fb287ad29702eb42f29dc20086c82bccdefae905eb4b596c67fe9eca4aafb8?s=96&d=mm&r=g","url":"https:\/\/secure.gravatar.com\/avatar\/e0fb287ad29702eb42f29dc20086c82bccdefae905eb4b596c67fe9eca4aafb8?s=96&d=mm&r=g","contentUrl":"https:\/\/secure.gravatar.com\/avatar\/e0fb287ad29702eb42f29dc20086c82bccdefae905eb4b596c67fe9eca4aafb8?s=96&d=mm&r=g","caption":"Yll\u00e4pito"},"url":"https:\/\/www.bioetiikka.fi\/?author=1"}]}},"uagb_featured_image_src":{"full":["https:\/\/www.bioetiikka.fi\/wp-content\/uploads\/2015\/12\/Puut_pieni.jpeg",168,206,false],"thumbnail":["https:\/\/www.bioetiikka.fi\/wp-content\/uploads\/2015\/12\/Puut_pieni-150x150.jpeg",150,150,true],"medium":["https:\/\/www.bioetiikka.fi\/wp-content\/uploads\/2015\/12\/Puut_pieni.jpeg",168,206,false],"medium_large":["https:\/\/www.bioetiikka.fi\/wp-content\/uploads\/2015\/12\/Puut_pieni.jpeg",168,206,false],"large":["https:\/\/www.bioetiikka.fi\/wp-content\/uploads\/2015\/12\/Puut_pieni.jpeg",168,206,false],"1536x1536":["https:\/\/www.bioetiikka.fi\/wp-content\/uploads\/2015\/12\/Puut_pieni.jpeg",168,206,false],"2048x2048":["https:\/\/www.bioetiikka.fi\/wp-content\/uploads\/2015\/12\/Puut_pieni.jpeg",168,206,false],"twentyseventeen-featured-image":["https:\/\/www.bioetiikka.fi\/wp-content\/uploads\/2015\/12\/Puut_pieni.jpeg",168,206,false],"twentyseventeen-thumbnail-avatar":["https:\/\/www.bioetiikka.fi\/wp-content\/uploads\/2015\/12\/Puut_pieni.jpeg",82,100,false]},"uagb_author_info":{"display_name":"Yll\u00e4pito","author_link":"https:\/\/www.bioetiikka.fi\/?author=1"},"uagb_comment_info":0,"uagb_excerpt":"Joulun ja vuodenvaihteen l\u00e4hestyess\u00e4 on ilo katsoa kulunutta syyskautta taaksep\u00e4in ja huomata, ett\u00e4 Bioetiikan instituutin olemassaolo ja instituutin tekij\u00f6iden ty\u00f6 huomioidaan yh\u00e4 laajemmin suomalaisessa yhteiskunnassa. Pari taannoista uutista t\u00e4lt\u00e4 saralta: Bioetiikan instituutin hallituksen puheenjohtaja Heikki Sax\u00e9n valittiin Mediuutisten vuoden 2015 sadan terveysalan vaikuttajan listalle \u2013 perusteluna Bioetiikan instituutin perustaminen. Instituutissa otamme t\u00e4m\u00e4n tunnustuksena koko ydinty\u00f6ryhm\u00e4n&hellip;","_links":{"self":[{"href":"https:\/\/www.bioetiikka.fi\/index.php?rest_route=\/wp\/v2\/posts\/431","targetHints":{"allow":["GET"]}}],"collection":[{"href":"https:\/\/www.bioetiikka.fi\/index.php?rest_route=\/wp\/v2\/posts"}],"about":[{"href":"https:\/\/www.bioetiikka.fi\/index.php?rest_route=\/wp\/v2\/types\/post"}],"author":[{"embeddable":true,"href":"https:\/\/www.bioetiikka.fi\/index.php?rest_route=\/wp\/v2\/users\/1"}],"replies":[{"embeddable":true,"href":"https:\/\/www.bioetiikka.fi\/index.php?rest_route=%2Fwp%2Fv2%2Fcomments&post=431"}],"version-history":[{"count":11,"href":"https:\/\/www.bioetiikka.fi\/index.php?rest_route=\/wp\/v2\/posts\/431\/revisions"}],"predecessor-version":[{"id":453,"href":"https:\/\/www.bioetiikka.fi\/index.php?rest_route=\/wp\/v2\/posts\/431\/revisions\/453"}],"wp:featuredmedia":[{"embeddable":true,"href":"https:\/\/www.bioetiikka.fi\/index.php?rest_route=\/wp\/v2\/media\/433"}],"wp:attachment":[{"href":"https:\/\/www.bioetiikka.fi\/index.php?rest_route=%2Fwp%2Fv2%2Fmedia&parent=431"}],"wp:term":[{"taxonomy":"category","embeddable":true,"href":"https:\/\/www.bioetiikka.fi\/index.php?rest_route=%2Fwp%2Fv2%2Fcategories&post=431"},{"taxonomy":"post_tag","embeddable":true,"href":"https:\/\/www.bioetiikka.fi\/index.php?rest_route=%2Fwp%2Fv2%2Ftags&post=431"}],"curies":[{"name":"wp","href":"https:\/\/api.w.org\/{rel}","templated":true}]}}