{"id":729,"date":"2016-05-10T13:24:21","date_gmt":"2016-05-10T10:24:21","guid":{"rendered":"http:\/\/www.bioetiikka.fi\/?p=729"},"modified":"2016-05-10T16:31:17","modified_gmt":"2016-05-10T13:31:17","slug":"podcast-julkaistu-haastattelussa-stmn-kansliapaallikko-paivi-sillanaukee","status":"publish","type":"post","link":"https:\/\/www.bioetiikka.fi\/?p=729","title":{"rendered":"Podcast julkaistu! Haastattelussa STM:n kansliap\u00e4\u00e4llikk\u00f6 P\u00e4ivi Sillanaukee"},"content":{"rendered":"<p>Podcast-haastateltavana on sosiaali- ja terveysministeri\u00f6n kansliap\u00e4\u00e4llikk\u00f6<strong> P\u00e4ivi Sillanaukee<\/strong>. Keskustelussa puhutaan erityisesti geenitutkimuksen ja sen hy\u00f6dynt\u00e4misen uusista askeleista Suomessa. Geenitutkimuksen ja -tiedon noustessa merkitt\u00e4v\u00e4mp\u00e4\u00e4n asemaan korostuvat luonnollisesti my\u00f6s kysymykset siit\u00e4, kuka omistaa ihmisper\u00e4iset n\u00e4ytteet, kuka voi m\u00e4\u00e4r\u00e4t\u00e4 niiden k\u00e4yt\u00f6st\u00e4 ja miten ylip\u00e4\u00e4ns\u00e4 n\u00e4ytteit\u00e4 ja niihin liittyv\u00e4\u00e4 tietoa on hyv\u00e4ksytt\u00e4v\u00e4\u00e4 k\u00e4ytt\u00e4\u00e4. Sillanaukee kantaa huolta esimerkiksi siit\u00e4, p\u00e4\u00e4tyv\u00e4tk\u00f6 kansalaisten geenitiedot yritysten k\u00e4ytt\u00f6\u00f6n v\u00e4\u00e4r\u00e4ll\u00e4 tapaa, ja h\u00e4n mainitseekin tilanteen turvaamiseksi olevan parhaillaan valmisteilla uutta lains\u00e4\u00e4d\u00e4nt\u00f6\u00e4. Samalla puhutaan my\u00f6s muun muassa bioturvallisuudesta sek\u00e4 yksil\u00f6llistetyst\u00e4 l\u00e4\u00e4ketieteest\u00e4 ja t\u00e4h\u00e4n liittyvist\u00e4 uusista ja usein kalliista hoidoista.<\/p>\n<p>Podcastin voi ladata mp3-muodossa <a href=\"http:\/\/www.bioetiikka.fi\/wp-content\/uploads\/2016\/05\/Sillanaukee_haastattelu_4_5_2016.mp3\" target=\"_blank\">t\u00e4\u00e4lt\u00e4<\/a> (19:23, 26,6 Mt).<\/p>\n<p>Aiemmat podcastit l\u00f6yd\u00e4t <a href=\"http:\/\/www.bioetiikka.fi\/?page_id=101\">multimedia<\/a>-sivulta.<\/p>\n","protected":false},"excerpt":{"rendered":"<p>Podcast-haastateltavana on sosiaali- ja terveysministeri\u00f6n kansliap\u00e4\u00e4llikk\u00f6 P\u00e4ivi Sillanaukee. Keskustelussa puhutaan erityisesti geenitutkimuksen ja sen hy\u00f6dynt\u00e4misen uusista askeleista Suomessa. Geenitutkimuksen ja -tiedon noustessa merkitt\u00e4v\u00e4mp\u00e4\u00e4n asemaan korostuvat luonnollisesti my\u00f6s kysymykset siit\u00e4, kuka omistaa ihmisper\u00e4iset n\u00e4ytteet, kuka voi m\u00e4\u00e4r\u00e4t\u00e4 niiden k\u00e4yt\u00f6st\u00e4 ja miten ylip\u00e4\u00e4ns\u00e4 n\u00e4ytteit\u00e4 ja niihin liittyv\u00e4\u00e4 tietoa on hyv\u00e4ksytt\u00e4v\u00e4\u00e4 k\u00e4ytt\u00e4\u00e4. Sillanaukee kantaa huolta esimerkiksi siit\u00e4, p\u00e4\u00e4tyv\u00e4tk\u00f6 &hellip; <\/p>\n<p class=\"link-more\"><a href=\"https:\/\/www.bioetiikka.fi\/?p=729\" class=\"more-link\">Jatka lukemista<span class=\"screen-reader-text\"> &#8221;Podcast julkaistu! Haastattelussa STM:n kansliap\u00e4\u00e4llikk\u00f6 P\u00e4ivi Sillanaukee&#8221;<\/span><\/a><\/p>\n","protected":false},"author":1,"featured_media":719,"comment_status":"open","ping_status":"open","sticky":false,"template":"","format":"standard","meta":{"_uag_custom_page_level_css":"","footnotes":""},"categories":[6],"tags":[11],"class_list":["post-729","post","type-post","status-publish","format-standard","has-post-thumbnail","hentry","category-uutiset","tag-podcast"],"yoast_head":"<!-- This site is optimized with the Yoast SEO plugin v27.5 - https:\/\/yoast.com\/product\/yoast-seo-wordpress\/ -->\n<title>Podcast julkaistu! Haastattelussa STM:n kansliap\u00e4\u00e4llikk\u00f6 P\u00e4ivi Sillanaukee - Bioetiikan instituutti<\/title>\n<meta name=\"robots\" content=\"index, follow, max-snippet:-1, max-image-preview:large, max-video-preview:-1\" \/>\n<link rel=\"canonical\" href=\"https:\/\/www.bioetiikka.fi\/?p=729\" \/>\n<meta property=\"og:locale\" content=\"fi_FI\" \/>\n<meta property=\"og:type\" content=\"article\" \/>\n<meta property=\"og:title\" content=\"Podcast julkaistu! Haastattelussa STM:n kansliap\u00e4\u00e4llikk\u00f6 P\u00e4ivi Sillanaukee - Bioetiikan instituutti\" \/>\n<meta property=\"og:description\" content=\"Podcast-haastateltavana on sosiaali- ja terveysministeri\u00f6n kansliap\u00e4\u00e4llikk\u00f6 P\u00e4ivi Sillanaukee. Keskustelussa puhutaan erityisesti geenitutkimuksen ja sen hy\u00f6dynt\u00e4misen uusista askeleista Suomessa. Geenitutkimuksen ja -tiedon noustessa merkitt\u00e4v\u00e4mp\u00e4\u00e4n asemaan korostuvat luonnollisesti my\u00f6s kysymykset siit\u00e4, kuka omistaa ihmisper\u00e4iset n\u00e4ytteet, kuka voi m\u00e4\u00e4r\u00e4t\u00e4 niiden k\u00e4yt\u00f6st\u00e4 ja miten ylip\u00e4\u00e4ns\u00e4 n\u00e4ytteit\u00e4 ja niihin liittyv\u00e4\u00e4 tietoa on hyv\u00e4ksytt\u00e4v\u00e4\u00e4 k\u00e4ytt\u00e4\u00e4. Sillanaukee kantaa huolta esimerkiksi siit\u00e4, p\u00e4\u00e4tyv\u00e4tk\u00f6 &hellip; Jatka lukemista &quot;Podcast julkaistu! Haastattelussa STM:n kansliap\u00e4\u00e4llikk\u00f6 P\u00e4ivi Sillanaukee&quot;\" \/>\n<meta property=\"og:url\" content=\"https:\/\/www.bioetiikka.fi\/?p=729\" \/>\n<meta property=\"og:site_name\" content=\"Bioetiikan instituutti\" \/>\n<meta property=\"article:published_time\" content=\"2016-05-10T10:24:21+00:00\" \/>\n<meta property=\"article:modified_time\" content=\"2016-05-10T13:31:17+00:00\" \/>\n<meta property=\"og:image\" content=\"https:\/\/www.bioetiikka.fi\/wp-content\/uploads\/2016\/05\/Sillanaukee_pieni.jpeg\" \/>\n\t<meta property=\"og:image:width\" content=\"168\" \/>\n\t<meta property=\"og:image:height\" content=\"206\" \/>\n\t<meta property=\"og:image:type\" content=\"image\/jpeg\" \/>\n<meta name=\"author\" content=\"Yll\u00e4pito\" \/>\n<meta name=\"twitter:card\" content=\"summary_large_image\" \/>\n<meta name=\"twitter:label1\" content=\"Kirjoittanut\" \/>\n\t<meta name=\"twitter:data1\" content=\"Yll\u00e4pito\" \/>\n\t<meta name=\"twitter:label2\" content=\"Arvioitu lukuaika\" \/>\n\t<meta name=\"twitter:data2\" content=\"1 minuutti\" \/>\n<script type=\"application\/ld+json\" class=\"yoast-schema-graph\">{\"@context\":\"https:\\\/\\\/schema.org\",\"@graph\":[{\"@type\":\"Article\",\"@id\":\"https:\\\/\\\/www.bioetiikka.fi\\\/?p=729#article\",\"isPartOf\":{\"@id\":\"https:\\\/\\\/www.bioetiikka.fi\\\/?p=729\"},\"author\":{\"name\":\"Yll\u00e4pito\",\"@id\":\"https:\\\/\\\/www.bioetiikka.fi\\\/#\\\/schema\\\/person\\\/3c58d6caf9c88dabb24779f504a47828\"},\"headline\":\"Podcast julkaistu! Haastattelussa STM:n kansliap\u00e4\u00e4llikk\u00f6 P\u00e4ivi Sillanaukee\",\"datePublished\":\"2016-05-10T10:24:21+00:00\",\"dateModified\":\"2016-05-10T13:31:17+00:00\",\"mainEntityOfPage\":{\"@id\":\"https:\\\/\\\/www.bioetiikka.fi\\\/?p=729\"},\"wordCount\":146,\"commentCount\":0,\"image\":{\"@id\":\"https:\\\/\\\/www.bioetiikka.fi\\\/?p=729#primaryimage\"},\"thumbnailUrl\":\"https:\\\/\\\/www.bioetiikka.fi\\\/wp-content\\\/uploads\\\/2016\\\/05\\\/Sillanaukee_pieni.jpeg\",\"keywords\":[\"podcast\"],\"articleSection\":[\"Uutiset\"],\"inLanguage\":\"fi\",\"potentialAction\":[{\"@type\":\"CommentAction\",\"name\":\"Comment\",\"target\":[\"https:\\\/\\\/www.bioetiikka.fi\\\/?p=729#respond\"]}]},{\"@type\":\"WebPage\",\"@id\":\"https:\\\/\\\/www.bioetiikka.fi\\\/?p=729\",\"url\":\"https:\\\/\\\/www.bioetiikka.fi\\\/?p=729\",\"name\":\"Podcast julkaistu! Haastattelussa STM:n kansliap\u00e4\u00e4llikk\u00f6 P\u00e4ivi Sillanaukee - Bioetiikan instituutti\",\"isPartOf\":{\"@id\":\"https:\\\/\\\/www.bioetiikka.fi\\\/#website\"},\"primaryImageOfPage\":{\"@id\":\"https:\\\/\\\/www.bioetiikka.fi\\\/?p=729#primaryimage\"},\"image\":{\"@id\":\"https:\\\/\\\/www.bioetiikka.fi\\\/?p=729#primaryimage\"},\"thumbnailUrl\":\"https:\\\/\\\/www.bioetiikka.fi\\\/wp-content\\\/uploads\\\/2016\\\/05\\\/Sillanaukee_pieni.jpeg\",\"datePublished\":\"2016-05-10T10:24:21+00:00\",\"dateModified\":\"2016-05-10T13:31:17+00:00\",\"author\":{\"@id\":\"https:\\\/\\\/www.bioetiikka.fi\\\/#\\\/schema\\\/person\\\/3c58d6caf9c88dabb24779f504a47828\"},\"breadcrumb\":{\"@id\":\"https:\\\/\\\/www.bioetiikka.fi\\\/?p=729#breadcrumb\"},\"inLanguage\":\"fi\",\"potentialAction\":[{\"@type\":\"ReadAction\",\"target\":[\"https:\\\/\\\/www.bioetiikka.fi\\\/?p=729\"]}]},{\"@type\":\"ImageObject\",\"inLanguage\":\"fi\",\"@id\":\"https:\\\/\\\/www.bioetiikka.fi\\\/?p=729#primaryimage\",\"url\":\"https:\\\/\\\/www.bioetiikka.fi\\\/wp-content\\\/uploads\\\/2016\\\/05\\\/Sillanaukee_pieni.jpeg\",\"contentUrl\":\"https:\\\/\\\/www.bioetiikka.fi\\\/wp-content\\\/uploads\\\/2016\\\/05\\\/Sillanaukee_pieni.jpeg\",\"width\":168,\"height\":206},{\"@type\":\"BreadcrumbList\",\"@id\":\"https:\\\/\\\/www.bioetiikka.fi\\\/?p=729#breadcrumb\",\"itemListElement\":[{\"@type\":\"ListItem\",\"position\":1,\"name\":\"Home\",\"item\":\"https:\\\/\\\/www.bioetiikka.fi\\\/\"},{\"@type\":\"ListItem\",\"position\":2,\"name\":\"Podcast julkaistu! Haastattelussa STM:n kansliap\u00e4\u00e4llikk\u00f6 P\u00e4ivi Sillanaukee\"}]},{\"@type\":\"WebSite\",\"@id\":\"https:\\\/\\\/www.bioetiikka.fi\\\/#website\",\"url\":\"https:\\\/\\\/www.bioetiikka.fi\\\/\",\"name\":\"Bioetiikan instituutti\",\"description\":\"Edist&auml;mme bioetiikan tiedonalan tuntemusta ja k&auml;yt&auml;nn&ouml;n vaikutusta Suomessa\",\"potentialAction\":[{\"@type\":\"SearchAction\",\"target\":{\"@type\":\"EntryPoint\",\"urlTemplate\":\"https:\\\/\\\/www.bioetiikka.fi\\\/?s={search_term_string}\"},\"query-input\":{\"@type\":\"PropertyValueSpecification\",\"valueRequired\":true,\"valueName\":\"search_term_string\"}}],\"inLanguage\":\"fi\"},{\"@type\":\"Person\",\"@id\":\"https:\\\/\\\/www.bioetiikka.fi\\\/#\\\/schema\\\/person\\\/3c58d6caf9c88dabb24779f504a47828\",\"name\":\"Yll\u00e4pito\",\"image\":{\"@type\":\"ImageObject\",\"inLanguage\":\"fi\",\"@id\":\"https:\\\/\\\/secure.gravatar.com\\\/avatar\\\/e0fb287ad29702eb42f29dc20086c82bccdefae905eb4b596c67fe9eca4aafb8?s=96&d=mm&r=g\",\"url\":\"https:\\\/\\\/secure.gravatar.com\\\/avatar\\\/e0fb287ad29702eb42f29dc20086c82bccdefae905eb4b596c67fe9eca4aafb8?s=96&d=mm&r=g\",\"contentUrl\":\"https:\\\/\\\/secure.gravatar.com\\\/avatar\\\/e0fb287ad29702eb42f29dc20086c82bccdefae905eb4b596c67fe9eca4aafb8?s=96&d=mm&r=g\",\"caption\":\"Yll\u00e4pito\"},\"url\":\"https:\\\/\\\/www.bioetiikka.fi\\\/?author=1\"}]}<\/script>\n<!-- \/ Yoast SEO plugin. -->","yoast_head_json":{"title":"Podcast julkaistu! Haastattelussa STM:n kansliap\u00e4\u00e4llikk\u00f6 P\u00e4ivi Sillanaukee - Bioetiikan instituutti","robots":{"index":"index","follow":"follow","max-snippet":"max-snippet:-1","max-image-preview":"max-image-preview:large","max-video-preview":"max-video-preview:-1"},"canonical":"https:\/\/www.bioetiikka.fi\/?p=729","og_locale":"fi_FI","og_type":"article","og_title":"Podcast julkaistu! Haastattelussa STM:n kansliap\u00e4\u00e4llikk\u00f6 P\u00e4ivi Sillanaukee - Bioetiikan instituutti","og_description":"Podcast-haastateltavana on sosiaali- ja terveysministeri\u00f6n kansliap\u00e4\u00e4llikk\u00f6 P\u00e4ivi Sillanaukee. Keskustelussa puhutaan erityisesti geenitutkimuksen ja sen hy\u00f6dynt\u00e4misen uusista askeleista Suomessa. Geenitutkimuksen ja -tiedon noustessa merkitt\u00e4v\u00e4mp\u00e4\u00e4n asemaan korostuvat luonnollisesti my\u00f6s kysymykset siit\u00e4, kuka omistaa ihmisper\u00e4iset n\u00e4ytteet, kuka voi m\u00e4\u00e4r\u00e4t\u00e4 niiden k\u00e4yt\u00f6st\u00e4 ja miten ylip\u00e4\u00e4ns\u00e4 n\u00e4ytteit\u00e4 ja niihin liittyv\u00e4\u00e4 tietoa on hyv\u00e4ksytt\u00e4v\u00e4\u00e4 k\u00e4ytt\u00e4\u00e4. Sillanaukee kantaa huolta esimerkiksi siit\u00e4, p\u00e4\u00e4tyv\u00e4tk\u00f6 &hellip; Jatka lukemista \"Podcast julkaistu! Haastattelussa STM:n kansliap\u00e4\u00e4llikk\u00f6 P\u00e4ivi Sillanaukee\"","og_url":"https:\/\/www.bioetiikka.fi\/?p=729","og_site_name":"Bioetiikan instituutti","article_published_time":"2016-05-10T10:24:21+00:00","article_modified_time":"2016-05-10T13:31:17+00:00","og_image":[{"width":168,"height":206,"url":"https:\/\/www.bioetiikka.fi\/wp-content\/uploads\/2016\/05\/Sillanaukee_pieni.jpeg","type":"image\/jpeg"}],"author":"Yll\u00e4pito","twitter_card":"summary_large_image","twitter_misc":{"Kirjoittanut":"Yll\u00e4pito","Arvioitu lukuaika":"1 minuutti"},"schema":{"@context":"https:\/\/schema.org","@graph":[{"@type":"Article","@id":"https:\/\/www.bioetiikka.fi\/?p=729#article","isPartOf":{"@id":"https:\/\/www.bioetiikka.fi\/?p=729"},"author":{"name":"Yll\u00e4pito","@id":"https:\/\/www.bioetiikka.fi\/#\/schema\/person\/3c58d6caf9c88dabb24779f504a47828"},"headline":"Podcast julkaistu! Haastattelussa STM:n kansliap\u00e4\u00e4llikk\u00f6 P\u00e4ivi Sillanaukee","datePublished":"2016-05-10T10:24:21+00:00","dateModified":"2016-05-10T13:31:17+00:00","mainEntityOfPage":{"@id":"https:\/\/www.bioetiikka.fi\/?p=729"},"wordCount":146,"commentCount":0,"image":{"@id":"https:\/\/www.bioetiikka.fi\/?p=729#primaryimage"},"thumbnailUrl":"https:\/\/www.bioetiikka.fi\/wp-content\/uploads\/2016\/05\/Sillanaukee_pieni.jpeg","keywords":["podcast"],"articleSection":["Uutiset"],"inLanguage":"fi","potentialAction":[{"@type":"CommentAction","name":"Comment","target":["https:\/\/www.bioetiikka.fi\/?p=729#respond"]}]},{"@type":"WebPage","@id":"https:\/\/www.bioetiikka.fi\/?p=729","url":"https:\/\/www.bioetiikka.fi\/?p=729","name":"Podcast julkaistu! Haastattelussa STM:n kansliap\u00e4\u00e4llikk\u00f6 P\u00e4ivi Sillanaukee - Bioetiikan instituutti","isPartOf":{"@id":"https:\/\/www.bioetiikka.fi\/#website"},"primaryImageOfPage":{"@id":"https:\/\/www.bioetiikka.fi\/?p=729#primaryimage"},"image":{"@id":"https:\/\/www.bioetiikka.fi\/?p=729#primaryimage"},"thumbnailUrl":"https:\/\/www.bioetiikka.fi\/wp-content\/uploads\/2016\/05\/Sillanaukee_pieni.jpeg","datePublished":"2016-05-10T10:24:21+00:00","dateModified":"2016-05-10T13:31:17+00:00","author":{"@id":"https:\/\/www.bioetiikka.fi\/#\/schema\/person\/3c58d6caf9c88dabb24779f504a47828"},"breadcrumb":{"@id":"https:\/\/www.bioetiikka.fi\/?p=729#breadcrumb"},"inLanguage":"fi","potentialAction":[{"@type":"ReadAction","target":["https:\/\/www.bioetiikka.fi\/?p=729"]}]},{"@type":"ImageObject","inLanguage":"fi","@id":"https:\/\/www.bioetiikka.fi\/?p=729#primaryimage","url":"https:\/\/www.bioetiikka.fi\/wp-content\/uploads\/2016\/05\/Sillanaukee_pieni.jpeg","contentUrl":"https:\/\/www.bioetiikka.fi\/wp-content\/uploads\/2016\/05\/Sillanaukee_pieni.jpeg","width":168,"height":206},{"@type":"BreadcrumbList","@id":"https:\/\/www.bioetiikka.fi\/?p=729#breadcrumb","itemListElement":[{"@type":"ListItem","position":1,"name":"Home","item":"https:\/\/www.bioetiikka.fi\/"},{"@type":"ListItem","position":2,"name":"Podcast julkaistu! Haastattelussa STM:n kansliap\u00e4\u00e4llikk\u00f6 P\u00e4ivi Sillanaukee"}]},{"@type":"WebSite","@id":"https:\/\/www.bioetiikka.fi\/#website","url":"https:\/\/www.bioetiikka.fi\/","name":"Bioetiikan instituutti","description":"Edist&auml;mme bioetiikan tiedonalan tuntemusta ja k&auml;yt&auml;nn&ouml;n vaikutusta Suomessa","potentialAction":[{"@type":"SearchAction","target":{"@type":"EntryPoint","urlTemplate":"https:\/\/www.bioetiikka.fi\/?s={search_term_string}"},"query-input":{"@type":"PropertyValueSpecification","valueRequired":true,"valueName":"search_term_string"}}],"inLanguage":"fi"},{"@type":"Person","@id":"https:\/\/www.bioetiikka.fi\/#\/schema\/person\/3c58d6caf9c88dabb24779f504a47828","name":"Yll\u00e4pito","image":{"@type":"ImageObject","inLanguage":"fi","@id":"https:\/\/secure.gravatar.com\/avatar\/e0fb287ad29702eb42f29dc20086c82bccdefae905eb4b596c67fe9eca4aafb8?s=96&d=mm&r=g","url":"https:\/\/secure.gravatar.com\/avatar\/e0fb287ad29702eb42f29dc20086c82bccdefae905eb4b596c67fe9eca4aafb8?s=96&d=mm&r=g","contentUrl":"https:\/\/secure.gravatar.com\/avatar\/e0fb287ad29702eb42f29dc20086c82bccdefae905eb4b596c67fe9eca4aafb8?s=96&d=mm&r=g","caption":"Yll\u00e4pito"},"url":"https:\/\/www.bioetiikka.fi\/?author=1"}]}},"uagb_featured_image_src":{"full":["https:\/\/www.bioetiikka.fi\/wp-content\/uploads\/2016\/05\/Sillanaukee_pieni.jpeg",168,206,false],"thumbnail":["https:\/\/www.bioetiikka.fi\/wp-content\/uploads\/2016\/05\/Sillanaukee_pieni-150x150.jpeg",150,150,true],"medium":["https:\/\/www.bioetiikka.fi\/wp-content\/uploads\/2016\/05\/Sillanaukee_pieni.jpeg",168,206,false],"medium_large":["https:\/\/www.bioetiikka.fi\/wp-content\/uploads\/2016\/05\/Sillanaukee_pieni.jpeg",168,206,false],"large":["https:\/\/www.bioetiikka.fi\/wp-content\/uploads\/2016\/05\/Sillanaukee_pieni.jpeg",168,206,false],"1536x1536":["https:\/\/www.bioetiikka.fi\/wp-content\/uploads\/2016\/05\/Sillanaukee_pieni.jpeg",168,206,false],"2048x2048":["https:\/\/www.bioetiikka.fi\/wp-content\/uploads\/2016\/05\/Sillanaukee_pieni.jpeg",168,206,false],"twentyseventeen-featured-image":["https:\/\/www.bioetiikka.fi\/wp-content\/uploads\/2016\/05\/Sillanaukee_pieni.jpeg",168,206,false],"twentyseventeen-thumbnail-avatar":["https:\/\/www.bioetiikka.fi\/wp-content\/uploads\/2016\/05\/Sillanaukee_pieni.jpeg",82,100,false]},"uagb_author_info":{"display_name":"Yll\u00e4pito","author_link":"https:\/\/www.bioetiikka.fi\/?author=1"},"uagb_comment_info":0,"uagb_excerpt":"Podcast-haastateltavana on sosiaali- ja terveysministeri\u00f6n kansliap\u00e4\u00e4llikk\u00f6 P\u00e4ivi Sillanaukee. Keskustelussa puhutaan erityisesti geenitutkimuksen ja sen hy\u00f6dynt\u00e4misen uusista askeleista Suomessa. Geenitutkimuksen ja -tiedon noustessa merkitt\u00e4v\u00e4mp\u00e4\u00e4n asemaan korostuvat luonnollisesti my\u00f6s kysymykset siit\u00e4, kuka omistaa ihmisper\u00e4iset n\u00e4ytteet, kuka voi m\u00e4\u00e4r\u00e4t\u00e4 niiden k\u00e4yt\u00f6st\u00e4 ja miten ylip\u00e4\u00e4ns\u00e4 n\u00e4ytteit\u00e4 ja niihin liittyv\u00e4\u00e4 tietoa on hyv\u00e4ksytt\u00e4v\u00e4\u00e4 k\u00e4ytt\u00e4\u00e4. Sillanaukee kantaa huolta esimerkiksi siit\u00e4, p\u00e4\u00e4tyv\u00e4tk\u00f6&hellip;","_links":{"self":[{"href":"https:\/\/www.bioetiikka.fi\/index.php?rest_route=\/wp\/v2\/posts\/729","targetHints":{"allow":["GET"]}}],"collection":[{"href":"https:\/\/www.bioetiikka.fi\/index.php?rest_route=\/wp\/v2\/posts"}],"about":[{"href":"https:\/\/www.bioetiikka.fi\/index.php?rest_route=\/wp\/v2\/types\/post"}],"author":[{"embeddable":true,"href":"https:\/\/www.bioetiikka.fi\/index.php?rest_route=\/wp\/v2\/users\/1"}],"replies":[{"embeddable":true,"href":"https:\/\/www.bioetiikka.fi\/index.php?rest_route=%2Fwp%2Fv2%2Fcomments&post=729"}],"version-history":[{"count":5,"href":"https:\/\/www.bioetiikka.fi\/index.php?rest_route=\/wp\/v2\/posts\/729\/revisions"}],"predecessor-version":[{"id":737,"href":"https:\/\/www.bioetiikka.fi\/index.php?rest_route=\/wp\/v2\/posts\/729\/revisions\/737"}],"wp:featuredmedia":[{"embeddable":true,"href":"https:\/\/www.bioetiikka.fi\/index.php?rest_route=\/wp\/v2\/media\/719"}],"wp:attachment":[{"href":"https:\/\/www.bioetiikka.fi\/index.php?rest_route=%2Fwp%2Fv2%2Fmedia&parent=729"}],"wp:term":[{"taxonomy":"category","embeddable":true,"href":"https:\/\/www.bioetiikka.fi\/index.php?rest_route=%2Fwp%2Fv2%2Fcategories&post=729"},{"taxonomy":"post_tag","embeddable":true,"href":"https:\/\/www.bioetiikka.fi\/index.php?rest_route=%2Fwp%2Fv2%2Ftags&post=729"}],"curies":[{"name":"wp","href":"https:\/\/api.w.org\/{rel}","templated":true}]}}