{"id":767,"date":"2016-05-20T12:47:28","date_gmt":"2016-05-20T09:47:28","guid":{"rendered":"http:\/\/www.bioetiikka.fi\/?p=767"},"modified":"2016-05-20T12:47:28","modified_gmt":"2016-05-20T09:47:28","slug":"podcast-julkaistu-haastattelussa-aikakauskirja-duodecimin-paatoimittaja-janne-rapola","status":"publish","type":"post","link":"https:\/\/www.bioetiikka.fi\/?p=767","title":{"rendered":"Podcast julkaistu! Haastattelussa Aikakauskirja Duodecimin p\u00e4\u00e4toimittaja Janne Rapola"},"content":{"rendered":"<p>Haastateltavana on <a href=\"http:\/\/www.duodecimlehti.fi\/\" target=\"_blank\"><em>Aikakauskirja Duodecimin<\/em><\/a> tuore p\u00e4\u00e4toimittaja <strong>Janne Rapola<\/strong>. Keskustelussa pohditaan muun muassa uusia tuulia ja mahdollisuuksia akateemisessa julkaisemisessa niin Suomessa kuin ulkomaillakin, erityisesti open access -julkaisemista. Teemana on my\u00f6s etiikka, ensinn\u00e4kin julkaisuk\u00e4yt\u00e4nt\u00f6jen suhteen, esimerkiksi kysymys kirjoittajien sidonnaisuuksien ilmoittamisesta. Toisaalta esille nousevat eettiset teemat my\u00f6s sis\u00e4lt\u00f6jen osalta, kuten se, miten l\u00e4\u00e4ketieteen eettiset\u00a0aihepiirit ilmenev\u00e4t perinteikk\u00e4\u00e4n julkaisun sivuilla. My\u00f6s suomalaisen akateemisen julkaisemisen\u00a0sek\u00e4 ylip\u00e4\u00e4ns\u00e4\u00a0koulutuksen\u00a0ja tutkimuksen tulevaisuus nousevat keskusteluun.<\/p>\n<p>Podcastin voi ladata mp3-muodossa <a href=\"http:\/\/www.bioetiikka.fi\/wp-content\/uploads\/2016\/05\/Rapola_haastattelu_17_5_2016.mp3\" target=\"_blank\">t\u00e4\u00e4lt\u00e4<\/a> (31:36, 43,4 Mt).<\/p>\n<p>Aiemmat podcastit l\u00f6yd\u00e4t <a href=\"http:\/\/www.bioetiikka.fi\/?page_id=101\">multimedia<\/a>-sivulta.<\/p>\n","protected":false},"excerpt":{"rendered":"<p>Haastateltavana on Aikakauskirja Duodecimin tuore p\u00e4\u00e4toimittaja Janne Rapola. Keskustelussa pohditaan muun muassa uusia tuulia ja mahdollisuuksia akateemisessa julkaisemisessa niin Suomessa kuin ulkomaillakin, erityisesti open access -julkaisemista. Teemana on my\u00f6s etiikka, ensinn\u00e4kin julkaisuk\u00e4yt\u00e4nt\u00f6jen suhteen, esimerkiksi kysymys kirjoittajien sidonnaisuuksien ilmoittamisesta. Toisaalta esille nousevat eettiset teemat my\u00f6s sis\u00e4lt\u00f6jen osalta, kuten se, miten l\u00e4\u00e4ketieteen eettiset\u00a0aihepiirit ilmenev\u00e4t perinteikk\u00e4\u00e4n julkaisun sivuilla. &hellip; <\/p>\n<p class=\"link-more\"><a href=\"https:\/\/www.bioetiikka.fi\/?p=767\" class=\"more-link\">Jatka lukemista<span class=\"screen-reader-text\"> &#8221;Podcast julkaistu! Haastattelussa Aikakauskirja Duodecimin p\u00e4\u00e4toimittaja Janne Rapola&#8221;<\/span><\/a><\/p>\n","protected":false},"author":1,"featured_media":752,"comment_status":"open","ping_status":"open","sticky":false,"template":"","format":"standard","meta":{"_uag_custom_page_level_css":"","footnotes":""},"categories":[6],"tags":[11],"class_list":["post-767","post","type-post","status-publish","format-standard","has-post-thumbnail","hentry","category-uutiset","tag-podcast"],"yoast_head":"<!-- This site is optimized with the Yoast SEO plugin v27.5 - https:\/\/yoast.com\/product\/yoast-seo-wordpress\/ -->\n<title>Podcast julkaistu! Haastattelussa Aikakauskirja Duodecimin p\u00e4\u00e4toimittaja Janne Rapola - Bioetiikan instituutti<\/title>\n<meta name=\"robots\" content=\"index, follow, max-snippet:-1, max-image-preview:large, max-video-preview:-1\" \/>\n<link rel=\"canonical\" href=\"https:\/\/www.bioetiikka.fi\/?p=767\" \/>\n<meta property=\"og:locale\" content=\"fi_FI\" \/>\n<meta property=\"og:type\" content=\"article\" \/>\n<meta property=\"og:title\" content=\"Podcast julkaistu! Haastattelussa Aikakauskirja Duodecimin p\u00e4\u00e4toimittaja Janne Rapola - Bioetiikan instituutti\" \/>\n<meta property=\"og:description\" content=\"Haastateltavana on Aikakauskirja Duodecimin tuore p\u00e4\u00e4toimittaja Janne Rapola. Keskustelussa pohditaan muun muassa uusia tuulia ja mahdollisuuksia akateemisessa julkaisemisessa niin Suomessa kuin ulkomaillakin, erityisesti open access -julkaisemista. Teemana on my\u00f6s etiikka, ensinn\u00e4kin julkaisuk\u00e4yt\u00e4nt\u00f6jen suhteen, esimerkiksi kysymys kirjoittajien sidonnaisuuksien ilmoittamisesta. Toisaalta esille nousevat eettiset teemat my\u00f6s sis\u00e4lt\u00f6jen osalta, kuten se, miten l\u00e4\u00e4ketieteen eettiset\u00a0aihepiirit ilmenev\u00e4t perinteikk\u00e4\u00e4n julkaisun sivuilla. &hellip; Jatka lukemista &quot;Podcast julkaistu! Haastattelussa Aikakauskirja Duodecimin p\u00e4\u00e4toimittaja Janne Rapola&quot;\" \/>\n<meta property=\"og:url\" content=\"https:\/\/www.bioetiikka.fi\/?p=767\" \/>\n<meta property=\"og:site_name\" content=\"Bioetiikan instituutti\" \/>\n<meta property=\"article:published_time\" content=\"2016-05-20T09:47:28+00:00\" \/>\n<meta property=\"og:image\" content=\"https:\/\/www.bioetiikka.fi\/wp-content\/uploads\/2016\/05\/Rapola_pieni.jpeg\" \/>\n\t<meta property=\"og:image:width\" content=\"168\" \/>\n\t<meta property=\"og:image:height\" content=\"206\" \/>\n\t<meta property=\"og:image:type\" content=\"image\/jpeg\" \/>\n<meta name=\"author\" content=\"Yll\u00e4pito\" \/>\n<meta name=\"twitter:card\" content=\"summary_large_image\" \/>\n<meta name=\"twitter:label1\" content=\"Kirjoittanut\" \/>\n\t<meta name=\"twitter:data1\" content=\"Yll\u00e4pito\" \/>\n<script type=\"application\/ld+json\" class=\"yoast-schema-graph\">{\"@context\":\"https:\\\/\\\/schema.org\",\"@graph\":[{\"@type\":\"Article\",\"@id\":\"https:\\\/\\\/www.bioetiikka.fi\\\/?p=767#article\",\"isPartOf\":{\"@id\":\"https:\\\/\\\/www.bioetiikka.fi\\\/?p=767\"},\"author\":{\"name\":\"Yll\u00e4pito\",\"@id\":\"https:\\\/\\\/www.bioetiikka.fi\\\/#\\\/schema\\\/person\\\/3c58d6caf9c88dabb24779f504a47828\"},\"headline\":\"Podcast julkaistu! Haastattelussa Aikakauskirja Duodecimin p\u00e4\u00e4toimittaja Janne Rapola\",\"datePublished\":\"2016-05-20T09:47:28+00:00\",\"mainEntityOfPage\":{\"@id\":\"https:\\\/\\\/www.bioetiikka.fi\\\/?p=767\"},\"wordCount\":105,\"commentCount\":0,\"image\":{\"@id\":\"https:\\\/\\\/www.bioetiikka.fi\\\/?p=767#primaryimage\"},\"thumbnailUrl\":\"https:\\\/\\\/www.bioetiikka.fi\\\/wp-content\\\/uploads\\\/2016\\\/05\\\/Rapola_pieni.jpeg\",\"keywords\":[\"podcast\"],\"articleSection\":[\"Uutiset\"],\"inLanguage\":\"fi\",\"potentialAction\":[{\"@type\":\"CommentAction\",\"name\":\"Comment\",\"target\":[\"https:\\\/\\\/www.bioetiikka.fi\\\/?p=767#respond\"]}]},{\"@type\":\"WebPage\",\"@id\":\"https:\\\/\\\/www.bioetiikka.fi\\\/?p=767\",\"url\":\"https:\\\/\\\/www.bioetiikka.fi\\\/?p=767\",\"name\":\"Podcast julkaistu! Haastattelussa Aikakauskirja Duodecimin p\u00e4\u00e4toimittaja Janne Rapola - Bioetiikan instituutti\",\"isPartOf\":{\"@id\":\"https:\\\/\\\/www.bioetiikka.fi\\\/#website\"},\"primaryImageOfPage\":{\"@id\":\"https:\\\/\\\/www.bioetiikka.fi\\\/?p=767#primaryimage\"},\"image\":{\"@id\":\"https:\\\/\\\/www.bioetiikka.fi\\\/?p=767#primaryimage\"},\"thumbnailUrl\":\"https:\\\/\\\/www.bioetiikka.fi\\\/wp-content\\\/uploads\\\/2016\\\/05\\\/Rapola_pieni.jpeg\",\"datePublished\":\"2016-05-20T09:47:28+00:00\",\"author\":{\"@id\":\"https:\\\/\\\/www.bioetiikka.fi\\\/#\\\/schema\\\/person\\\/3c58d6caf9c88dabb24779f504a47828\"},\"breadcrumb\":{\"@id\":\"https:\\\/\\\/www.bioetiikka.fi\\\/?p=767#breadcrumb\"},\"inLanguage\":\"fi\",\"potentialAction\":[{\"@type\":\"ReadAction\",\"target\":[\"https:\\\/\\\/www.bioetiikka.fi\\\/?p=767\"]}]},{\"@type\":\"ImageObject\",\"inLanguage\":\"fi\",\"@id\":\"https:\\\/\\\/www.bioetiikka.fi\\\/?p=767#primaryimage\",\"url\":\"https:\\\/\\\/www.bioetiikka.fi\\\/wp-content\\\/uploads\\\/2016\\\/05\\\/Rapola_pieni.jpeg\",\"contentUrl\":\"https:\\\/\\\/www.bioetiikka.fi\\\/wp-content\\\/uploads\\\/2016\\\/05\\\/Rapola_pieni.jpeg\",\"width\":168,\"height\":206},{\"@type\":\"BreadcrumbList\",\"@id\":\"https:\\\/\\\/www.bioetiikka.fi\\\/?p=767#breadcrumb\",\"itemListElement\":[{\"@type\":\"ListItem\",\"position\":1,\"name\":\"Home\",\"item\":\"https:\\\/\\\/www.bioetiikka.fi\\\/\"},{\"@type\":\"ListItem\",\"position\":2,\"name\":\"Podcast julkaistu! Haastattelussa Aikakauskirja Duodecimin p\u00e4\u00e4toimittaja Janne Rapola\"}]},{\"@type\":\"WebSite\",\"@id\":\"https:\\\/\\\/www.bioetiikka.fi\\\/#website\",\"url\":\"https:\\\/\\\/www.bioetiikka.fi\\\/\",\"name\":\"Bioetiikan instituutti\",\"description\":\"Edist&auml;mme bioetiikan tiedonalan tuntemusta ja k&auml;yt&auml;nn&ouml;n vaikutusta Suomessa\",\"potentialAction\":[{\"@type\":\"SearchAction\",\"target\":{\"@type\":\"EntryPoint\",\"urlTemplate\":\"https:\\\/\\\/www.bioetiikka.fi\\\/?s={search_term_string}\"},\"query-input\":{\"@type\":\"PropertyValueSpecification\",\"valueRequired\":true,\"valueName\":\"search_term_string\"}}],\"inLanguage\":\"fi\"},{\"@type\":\"Person\",\"@id\":\"https:\\\/\\\/www.bioetiikka.fi\\\/#\\\/schema\\\/person\\\/3c58d6caf9c88dabb24779f504a47828\",\"name\":\"Yll\u00e4pito\",\"image\":{\"@type\":\"ImageObject\",\"inLanguage\":\"fi\",\"@id\":\"https:\\\/\\\/secure.gravatar.com\\\/avatar\\\/e0fb287ad29702eb42f29dc20086c82bccdefae905eb4b596c67fe9eca4aafb8?s=96&d=mm&r=g\",\"url\":\"https:\\\/\\\/secure.gravatar.com\\\/avatar\\\/e0fb287ad29702eb42f29dc20086c82bccdefae905eb4b596c67fe9eca4aafb8?s=96&d=mm&r=g\",\"contentUrl\":\"https:\\\/\\\/secure.gravatar.com\\\/avatar\\\/e0fb287ad29702eb42f29dc20086c82bccdefae905eb4b596c67fe9eca4aafb8?s=96&d=mm&r=g\",\"caption\":\"Yll\u00e4pito\"},\"url\":\"https:\\\/\\\/www.bioetiikka.fi\\\/?author=1\"}]}<\/script>\n<!-- \/ Yoast SEO plugin. -->","yoast_head_json":{"title":"Podcast julkaistu! Haastattelussa Aikakauskirja Duodecimin p\u00e4\u00e4toimittaja Janne Rapola - Bioetiikan instituutti","robots":{"index":"index","follow":"follow","max-snippet":"max-snippet:-1","max-image-preview":"max-image-preview:large","max-video-preview":"max-video-preview:-1"},"canonical":"https:\/\/www.bioetiikka.fi\/?p=767","og_locale":"fi_FI","og_type":"article","og_title":"Podcast julkaistu! Haastattelussa Aikakauskirja Duodecimin p\u00e4\u00e4toimittaja Janne Rapola - Bioetiikan instituutti","og_description":"Haastateltavana on Aikakauskirja Duodecimin tuore p\u00e4\u00e4toimittaja Janne Rapola. Keskustelussa pohditaan muun muassa uusia tuulia ja mahdollisuuksia akateemisessa julkaisemisessa niin Suomessa kuin ulkomaillakin, erityisesti open access -julkaisemista. Teemana on my\u00f6s etiikka, ensinn\u00e4kin julkaisuk\u00e4yt\u00e4nt\u00f6jen suhteen, esimerkiksi kysymys kirjoittajien sidonnaisuuksien ilmoittamisesta. Toisaalta esille nousevat eettiset teemat my\u00f6s sis\u00e4lt\u00f6jen osalta, kuten se, miten l\u00e4\u00e4ketieteen eettiset\u00a0aihepiirit ilmenev\u00e4t perinteikk\u00e4\u00e4n julkaisun sivuilla. &hellip; Jatka lukemista \"Podcast julkaistu! Haastattelussa Aikakauskirja Duodecimin p\u00e4\u00e4toimittaja Janne Rapola\"","og_url":"https:\/\/www.bioetiikka.fi\/?p=767","og_site_name":"Bioetiikan instituutti","article_published_time":"2016-05-20T09:47:28+00:00","og_image":[{"width":168,"height":206,"url":"https:\/\/www.bioetiikka.fi\/wp-content\/uploads\/2016\/05\/Rapola_pieni.jpeg","type":"image\/jpeg"}],"author":"Yll\u00e4pito","twitter_card":"summary_large_image","twitter_misc":{"Kirjoittanut":"Yll\u00e4pito"},"schema":{"@context":"https:\/\/schema.org","@graph":[{"@type":"Article","@id":"https:\/\/www.bioetiikka.fi\/?p=767#article","isPartOf":{"@id":"https:\/\/www.bioetiikka.fi\/?p=767"},"author":{"name":"Yll\u00e4pito","@id":"https:\/\/www.bioetiikka.fi\/#\/schema\/person\/3c58d6caf9c88dabb24779f504a47828"},"headline":"Podcast julkaistu! Haastattelussa Aikakauskirja Duodecimin p\u00e4\u00e4toimittaja Janne Rapola","datePublished":"2016-05-20T09:47:28+00:00","mainEntityOfPage":{"@id":"https:\/\/www.bioetiikka.fi\/?p=767"},"wordCount":105,"commentCount":0,"image":{"@id":"https:\/\/www.bioetiikka.fi\/?p=767#primaryimage"},"thumbnailUrl":"https:\/\/www.bioetiikka.fi\/wp-content\/uploads\/2016\/05\/Rapola_pieni.jpeg","keywords":["podcast"],"articleSection":["Uutiset"],"inLanguage":"fi","potentialAction":[{"@type":"CommentAction","name":"Comment","target":["https:\/\/www.bioetiikka.fi\/?p=767#respond"]}]},{"@type":"WebPage","@id":"https:\/\/www.bioetiikka.fi\/?p=767","url":"https:\/\/www.bioetiikka.fi\/?p=767","name":"Podcast julkaistu! Haastattelussa Aikakauskirja Duodecimin p\u00e4\u00e4toimittaja Janne Rapola - Bioetiikan instituutti","isPartOf":{"@id":"https:\/\/www.bioetiikka.fi\/#website"},"primaryImageOfPage":{"@id":"https:\/\/www.bioetiikka.fi\/?p=767#primaryimage"},"image":{"@id":"https:\/\/www.bioetiikka.fi\/?p=767#primaryimage"},"thumbnailUrl":"https:\/\/www.bioetiikka.fi\/wp-content\/uploads\/2016\/05\/Rapola_pieni.jpeg","datePublished":"2016-05-20T09:47:28+00:00","author":{"@id":"https:\/\/www.bioetiikka.fi\/#\/schema\/person\/3c58d6caf9c88dabb24779f504a47828"},"breadcrumb":{"@id":"https:\/\/www.bioetiikka.fi\/?p=767#breadcrumb"},"inLanguage":"fi","potentialAction":[{"@type":"ReadAction","target":["https:\/\/www.bioetiikka.fi\/?p=767"]}]},{"@type":"ImageObject","inLanguage":"fi","@id":"https:\/\/www.bioetiikka.fi\/?p=767#primaryimage","url":"https:\/\/www.bioetiikka.fi\/wp-content\/uploads\/2016\/05\/Rapola_pieni.jpeg","contentUrl":"https:\/\/www.bioetiikka.fi\/wp-content\/uploads\/2016\/05\/Rapola_pieni.jpeg","width":168,"height":206},{"@type":"BreadcrumbList","@id":"https:\/\/www.bioetiikka.fi\/?p=767#breadcrumb","itemListElement":[{"@type":"ListItem","position":1,"name":"Home","item":"https:\/\/www.bioetiikka.fi\/"},{"@type":"ListItem","position":2,"name":"Podcast julkaistu! Haastattelussa Aikakauskirja Duodecimin p\u00e4\u00e4toimittaja Janne Rapola"}]},{"@type":"WebSite","@id":"https:\/\/www.bioetiikka.fi\/#website","url":"https:\/\/www.bioetiikka.fi\/","name":"Bioetiikan instituutti","description":"Edist&auml;mme bioetiikan tiedonalan tuntemusta ja k&auml;yt&auml;nn&ouml;n vaikutusta Suomessa","potentialAction":[{"@type":"SearchAction","target":{"@type":"EntryPoint","urlTemplate":"https:\/\/www.bioetiikka.fi\/?s={search_term_string}"},"query-input":{"@type":"PropertyValueSpecification","valueRequired":true,"valueName":"search_term_string"}}],"inLanguage":"fi"},{"@type":"Person","@id":"https:\/\/www.bioetiikka.fi\/#\/schema\/person\/3c58d6caf9c88dabb24779f504a47828","name":"Yll\u00e4pito","image":{"@type":"ImageObject","inLanguage":"fi","@id":"https:\/\/secure.gravatar.com\/avatar\/e0fb287ad29702eb42f29dc20086c82bccdefae905eb4b596c67fe9eca4aafb8?s=96&d=mm&r=g","url":"https:\/\/secure.gravatar.com\/avatar\/e0fb287ad29702eb42f29dc20086c82bccdefae905eb4b596c67fe9eca4aafb8?s=96&d=mm&r=g","contentUrl":"https:\/\/secure.gravatar.com\/avatar\/e0fb287ad29702eb42f29dc20086c82bccdefae905eb4b596c67fe9eca4aafb8?s=96&d=mm&r=g","caption":"Yll\u00e4pito"},"url":"https:\/\/www.bioetiikka.fi\/?author=1"}]}},"uagb_featured_image_src":{"full":["https:\/\/www.bioetiikka.fi\/wp-content\/uploads\/2016\/05\/Rapola_pieni.jpeg",168,206,false],"thumbnail":["https:\/\/www.bioetiikka.fi\/wp-content\/uploads\/2016\/05\/Rapola_pieni-150x150.jpeg",150,150,true],"medium":["https:\/\/www.bioetiikka.fi\/wp-content\/uploads\/2016\/05\/Rapola_pieni.jpeg",168,206,false],"medium_large":["https:\/\/www.bioetiikka.fi\/wp-content\/uploads\/2016\/05\/Rapola_pieni.jpeg",168,206,false],"large":["https:\/\/www.bioetiikka.fi\/wp-content\/uploads\/2016\/05\/Rapola_pieni.jpeg",168,206,false],"1536x1536":["https:\/\/www.bioetiikka.fi\/wp-content\/uploads\/2016\/05\/Rapola_pieni.jpeg",168,206,false],"2048x2048":["https:\/\/www.bioetiikka.fi\/wp-content\/uploads\/2016\/05\/Rapola_pieni.jpeg",168,206,false],"twentyseventeen-featured-image":["https:\/\/www.bioetiikka.fi\/wp-content\/uploads\/2016\/05\/Rapola_pieni.jpeg",168,206,false],"twentyseventeen-thumbnail-avatar":["https:\/\/www.bioetiikka.fi\/wp-content\/uploads\/2016\/05\/Rapola_pieni.jpeg",82,100,false]},"uagb_author_info":{"display_name":"Yll\u00e4pito","author_link":"https:\/\/www.bioetiikka.fi\/?author=1"},"uagb_comment_info":0,"uagb_excerpt":"Haastateltavana on Aikakauskirja Duodecimin tuore p\u00e4\u00e4toimittaja Janne Rapola. Keskustelussa pohditaan muun muassa uusia tuulia ja mahdollisuuksia akateemisessa julkaisemisessa niin Suomessa kuin ulkomaillakin, erityisesti open access -julkaisemista. Teemana on my\u00f6s etiikka, ensinn\u00e4kin julkaisuk\u00e4yt\u00e4nt\u00f6jen suhteen, esimerkiksi kysymys kirjoittajien sidonnaisuuksien ilmoittamisesta. Toisaalta esille nousevat eettiset teemat my\u00f6s sis\u00e4lt\u00f6jen osalta, kuten se, miten l\u00e4\u00e4ketieteen eettiset\u00a0aihepiirit ilmenev\u00e4t perinteikk\u00e4\u00e4n julkaisun sivuilla.&hellip;","_links":{"self":[{"href":"https:\/\/www.bioetiikka.fi\/index.php?rest_route=\/wp\/v2\/posts\/767","targetHints":{"allow":["GET"]}}],"collection":[{"href":"https:\/\/www.bioetiikka.fi\/index.php?rest_route=\/wp\/v2\/posts"}],"about":[{"href":"https:\/\/www.bioetiikka.fi\/index.php?rest_route=\/wp\/v2\/types\/post"}],"author":[{"embeddable":true,"href":"https:\/\/www.bioetiikka.fi\/index.php?rest_route=\/wp\/v2\/users\/1"}],"replies":[{"embeddable":true,"href":"https:\/\/www.bioetiikka.fi\/index.php?rest_route=%2Fwp%2Fv2%2Fcomments&post=767"}],"version-history":[{"count":2,"href":"https:\/\/www.bioetiikka.fi\/index.php?rest_route=\/wp\/v2\/posts\/767\/revisions"}],"predecessor-version":[{"id":769,"href":"https:\/\/www.bioetiikka.fi\/index.php?rest_route=\/wp\/v2\/posts\/767\/revisions\/769"}],"wp:featuredmedia":[{"embeddable":true,"href":"https:\/\/www.bioetiikka.fi\/index.php?rest_route=\/wp\/v2\/media\/752"}],"wp:attachment":[{"href":"https:\/\/www.bioetiikka.fi\/index.php?rest_route=%2Fwp%2Fv2%2Fmedia&parent=767"}],"wp:term":[{"taxonomy":"category","embeddable":true,"href":"https:\/\/www.bioetiikka.fi\/index.php?rest_route=%2Fwp%2Fv2%2Fcategories&post=767"},{"taxonomy":"post_tag","embeddable":true,"href":"https:\/\/www.bioetiikka.fi\/index.php?rest_route=%2Fwp%2Fv2%2Ftags&post=767"}],"curies":[{"name":"wp","href":"https:\/\/api.w.org\/{rel}","templated":true}]}}